{"id":937,"date":"2016-08-21T16:28:57","date_gmt":"2016-08-21T16:28:57","guid":{"rendered":"http:\/\/blog.slow-mo.de\/?p=937"},"modified":"2016-09-07T17:08:30","modified_gmt":"2016-09-07T17:08:30","slug":"ritual-vom-19-08-2016","status":"publish","type":"post","link":"https:\/\/blog.slow-mo.de\/?p=937","title":{"rendered":"Ritual vom 19.08.2016"},"content":{"rendered":"<p>Am 19.8 traf sich der Herd Aldsidu Honovere zum Augustritual auf dem Grundst\u00fcck.<\/p>\n<p>Diesmal soll das Ritual zu Ehren Freyas stattfinden. Freya die gro\u00dfe strahlende G\u00f6ttin, deren Glanz \u00fcber ganz Asgard erstrahlt.<\/p>\n<p>Die Sonne steht noch hoch \u00fcber dem Ritualplatz und es ist ein herrlich warmer, hochsommerlicher Tag. Auf dem Feld nebenan l\u00e4rmt der M\u00e4hdrescher\u2026\u201cMuss das denn sein, das ist ja nicht sehr besinnlich\u2026\u201c<\/p>\n<p>Aber doch\u2026es passt! Denn schlie\u00dflich feiern wir auch den Beginn der Erntezeit und sind dankbar, dass wir trotz eines eher k\u00fchlen, regenreichen Sommers \u00fcberhaupt eine Ernte haben.<\/p>\n<p><a href=\"http:\/\/blog.slow-mo.de\/wp-content\/uploads\/2016\/08\/IMG_20160819_160944.jpg\"><img loading=\"lazy\" class=\"aligncenter size-medium wp-image-942\" src=\"http:\/\/blog.slow-mo.de\/wp-content\/uploads\/2016\/08\/IMG_20160819_160944-300x231.jpg\" alt=\"Altar\" width=\"300\" height=\"231\" srcset=\"https:\/\/blog.slow-mo.de\/wp-content\/uploads\/2016\/08\/IMG_20160819_160944-300x231.jpg 300w, https:\/\/blog.slow-mo.de\/wp-content\/uploads\/2016\/08\/IMG_20160819_160944-768x590.jpg 768w, https:\/\/blog.slow-mo.de\/wp-content\/uploads\/2016\/08\/IMG_20160819_160944-1024x787.jpg 1024w, https:\/\/blog.slow-mo.de\/wp-content\/uploads\/2016\/08\/IMG_20160819_160944.jpg 1058w\" sizes=\"(max-width: 300px) 100vw, 300px\" \/><\/a>Die Ritualleiterin erz\u00e4hlt nun von Freya, die den meisten als Symbol f\u00fcr atemberaubende Sch\u00f6nheit und Sinnlichkeit bekannt sein d\u00fcrfte. Doch Freya hat noch ganz andere Facetten. So ist sie eine starke selbstbewusste Frau, eine Kriegerin, die sich niemals klein macht, die stolz und in majest\u00e4tischer Stille \u00fcber die Schlachtfelder der Altvorderen schritt und als erste die Einherjer erw\u00e4hlte.\u00a0 Sie ist einf\u00fchlsame Ehefrau, erotische Gespielin, m\u00e4chtige Zauberin und furchtlose Kriegerin in einem. Selbst von \u00a0dem imposanten Thor l\u00e4sst sie sich nicht f\u00fcr eine List einspannen. \u201eSelbst schuld, wenn er sich seinen Hammer klauen l\u00e4sst\u2026\u201c \ud83d\ude09<\/p>\n<p>Legend\u00e4r ist Ihre Halskette Brisingamen, von Zwergenhand geschmiedet. Freya begehrte diesen Schmuck so sehr, dass sie sich auf den Willen der vier Zwergenschmiede einlie\u00df, mit einem jeden von ihnen die Nacht zu verbringen.<\/p>\n<p>Freya setzt sich \u00fcber Konventionen hinweg und nimmt sich was sie will. Das soll auch uns zeigen, dass wir uns nicht immer \u201eanpassen\u201c m\u00fcssen oder den Normen und mitunter althergebrachten Regeln zu beugen. \u201eWas sollen denn die Leute denken?\u201c Freya ist es piepegal, was \u201edie Leute\u201c denken. Sie ermutigt besonders uns Frauen, unseren Weg zu gehen, zu sagen was wir denken, unseren Bed\u00fcrfnissen und W\u00fcnschen Ausdruck zu verleihen, auch wenn wir damit hin und wieder anecken. Sie zeigt uns, dass betonierte, von au\u00dfen auferlegte Grenzen auch mal einzurei\u00dfen sind.<\/p>\n<p>Vielleicht w\u00fcrde sie in der heutigen Zeit Botschaften verbreiten wie \u201eM\u00e4dels! Zeigt dass ihr nen Arsch in der Hose oder im Rock habt, der nicht nur zum Wackeln f\u00fcr die Kerle da ist! Ihr seid stark! Ihr seid m\u00e4chtig!\u201c<\/p>\n<p>Als die Rede beendet ist, rauscht Wind durch die B\u00e4ume und man h\u00f6rt einen Raubvogel. Vielleicht ist es die G\u00f6ttin, die Ihr Falkengewand angelegt hat\u2026wer wei\u00df<\/p>\n<div id=\"attachment_940\" style=\"width: 240px\" class=\"wp-caption aligncenter\"><a href=\"http:\/\/blog.slow-mo.de\/wp-content\/uploads\/2016\/08\/IMG_20160819_160920.jpg\"><img aria-describedby=\"caption-attachment-940\" loading=\"lazy\" class=\"size-medium wp-image-940\" src=\"http:\/\/blog.slow-mo.de\/wp-content\/uploads\/2016\/08\/IMG_20160819_160920-230x300.jpg\" alt=\"Brisingamen\" width=\"230\" height=\"300\" srcset=\"https:\/\/blog.slow-mo.de\/wp-content\/uploads\/2016\/08\/IMG_20160819_160920-230x300.jpg 230w, https:\/\/blog.slow-mo.de\/wp-content\/uploads\/2016\/08\/IMG_20160819_160920-768x1003.jpg 768w, https:\/\/blog.slow-mo.de\/wp-content\/uploads\/2016\/08\/IMG_20160819_160920-784x1024.jpg 784w, https:\/\/blog.slow-mo.de\/wp-content\/uploads\/2016\/08\/IMG_20160819_160920.jpg 801w\" sizes=\"(max-width: 230px) 100vw, 230px\" \/><\/a><p id=\"caption-attachment-940\" class=\"wp-caption-text\">Brisingamen<\/p><\/div>\n<p>Das kleine Feuer wird alsbald gel\u00f6scht, denn das Gras um die Feuerstelle ist sehr trocken und au\u00dferdem ist die Luft immer noch sehr sehr warm.<\/p>\n<div id=\"attachment_941\" style=\"width: 284px\" class=\"wp-caption aligncenter\"><a href=\"http:\/\/blog.slow-mo.de\/wp-content\/uploads\/2016\/08\/Ritual-29082016.jpg\"><img aria-describedby=\"caption-attachment-941\" loading=\"lazy\" class=\"size-medium wp-image-941\" src=\"http:\/\/blog.slow-mo.de\/wp-content\/uploads\/2016\/08\/Ritual-29082016-274x300.jpg\" alt=\"Impressionen\" width=\"274\" height=\"300\" srcset=\"https:\/\/blog.slow-mo.de\/wp-content\/uploads\/2016\/08\/Ritual-29082016-274x300.jpg 274w, https:\/\/blog.slow-mo.de\/wp-content\/uploads\/2016\/08\/Ritual-29082016-768x842.jpg 768w, https:\/\/blog.slow-mo.de\/wp-content\/uploads\/2016\/08\/Ritual-29082016-934x1024.jpg 934w\" sizes=\"(max-width: 274px) 100vw, 274px\" \/><\/a><p id=\"caption-attachment-941\" class=\"wp-caption-text\">Impressionen<\/p><\/div>\n<p>Wie immer rundet ein kleiner Imbiss diesen sch\u00f6nen, entspannten Nachmittag ab und im Licht einer tiefstehenden, goldenen Abendsonne treten wir alle den Heimweg an.<\/p>\n<div id=\"attachment_939\" style=\"width: 310px\" class=\"wp-caption aligncenter\"><a href=\"http:\/\/blog.slow-mo.de\/wp-content\/uploads\/2016\/08\/IMG_20160819_174839.jpg\"><img aria-describedby=\"caption-attachment-939\" loading=\"lazy\" class=\"size-medium wp-image-939\" src=\"http:\/\/blog.slow-mo.de\/wp-content\/uploads\/2016\/08\/IMG_20160819_174839-300x234.jpg\" alt=\"Wie so oft endete der Tag in herrlicher Abendstimmung am Teich. Ein wundersch\u00f6ner Platz. \" width=\"300\" height=\"234\" srcset=\"https:\/\/blog.slow-mo.de\/wp-content\/uploads\/2016\/08\/IMG_20160819_174839-300x234.jpg 300w, https:\/\/blog.slow-mo.de\/wp-content\/uploads\/2016\/08\/IMG_20160819_174839-768x598.jpg 768w, https:\/\/blog.slow-mo.de\/wp-content\/uploads\/2016\/08\/IMG_20160819_174839-1024x798.jpg 1024w, https:\/\/blog.slow-mo.de\/wp-content\/uploads\/2016\/08\/IMG_20160819_174839.jpg 1110w\" sizes=\"(max-width: 300px) 100vw, 300px\" \/><\/a><p id=\"caption-attachment-939\" class=\"wp-caption-text\">Wie so oft endete der Tag in herrlicher Abendstimmung am Teich. Ein wundersch\u00f6ner Platz.<\/p><\/div>\n<p>Von Drea<\/p>\n","protected":false},"excerpt":{"rendered":"<p>Am 19.8 traf sich der Herd Aldsidu Honovere zum Augustritual auf dem Grundst\u00fcck. Diesmal soll das Ritual zu Ehren Freyas stattfinden. Freya die gro\u00dfe strahlende G\u00f6ttin, deren Glanz \u00fcber ganz Asgard erstrahlt. Die Sonne steht noch hoch \u00fcber dem Ritualplatz &hellip; <a href=\"https:\/\/blog.slow-mo.de\/?p=937\">Weiterlesen <span class=\"meta-nav\">&rarr;<\/span><\/a><\/p>\n","protected":false},"author":1,"featured_media":0,"comment_status":"open","ping_status":"closed","sticky":false,"template":"","format":"standard","meta":[],"categories":[11],"tags":[],"_links":{"self":[{"href":"https:\/\/blog.slow-mo.de\/index.php?rest_route=\/wp\/v2\/posts\/937"}],"collection":[{"href":"https:\/\/blog.slow-mo.de\/index.php?rest_route=\/wp\/v2\/posts"}],"about":[{"href":"https:\/\/blog.slow-mo.de\/index.php?rest_route=\/wp\/v2\/types\/post"}],"author":[{"embeddable":true,"href":"https:\/\/blog.slow-mo.de\/index.php?rest_route=\/wp\/v2\/users\/1"}],"replies":[{"embeddable":true,"href":"https:\/\/blog.slow-mo.de\/index.php?rest_route=%2Fwp%2Fv2%2Fcomments&post=937"}],"version-history":[{"count":1,"href":"https:\/\/blog.slow-mo.de\/index.php?rest_route=\/wp\/v2\/posts\/937\/revisions"}],"predecessor-version":[{"id":943,"href":"https:\/\/blog.slow-mo.de\/index.php?rest_route=\/wp\/v2\/posts\/937\/revisions\/943"}],"wp:attachment":[{"href":"https:\/\/blog.slow-mo.de\/index.php?rest_route=%2Fwp%2Fv2%2Fmedia&parent=937"}],"wp:term":[{"taxonomy":"category","embeddable":true,"href":"https:\/\/blog.slow-mo.de\/index.php?rest_route=%2Fwp%2Fv2%2Fcategories&post=937"},{"taxonomy":"post_tag","embeddable":true,"href":"https:\/\/blog.slow-mo.de\/index.php?rest_route=%2Fwp%2Fv2%2Ftags&post=937"}],"curies":[{"name":"wp","href":"https:\/\/api.w.org\/{rel}","templated":true}]}}