{"id":903,"date":"2016-06-19T14:20:03","date_gmt":"2016-06-19T14:20:03","guid":{"rendered":"http:\/\/blog.slow-mo.de\/?p=903"},"modified":"2016-07-29T09:17:57","modified_gmt":"2016-07-29T09:17:57","slug":"mittsommerfeier-2016","status":"publish","type":"post","link":"https:\/\/blog.slow-mo.de\/?p=903","title":{"rendered":"Mittsommerfeier 2016"},"content":{"rendered":"<p>Am 18.6 traf sich der Herd Aldsidu Honovere zum Mittsommerfest auf dem Grundst\u00fcck.<\/p>\n<p>Banger Blick gen Himmel auf der Hinfahrt\u2026 immer noch klatschen die Tropfen auf die Windschutzscheibe\u2026 MIST\u2026 soll das sch\u00f6ne Fest etwa ins Wasser fallen? Die Wettervorhersage l\u00e4sst keinen gro\u00dfen Hoffungsspielraum.<\/p>\n<p>Auf dem Grundst\u00fcck angekommen&#8230; und erstmal die Plane \u00fcber den Grillplatz ziehen\u2026. schnell schnell&#8230;<\/p>\n<p>So, das w\u00e4re geschafft\u2026 immer noch lassen sich leise fallende Regentropfen auf der Plane vernehmen. Na gut, heizen wir halt den Grill schon mal an, damit er nachher sch\u00f6n durchgegl\u00fcht ist und wir das ganze hier wohl notgedrungen ziemlich abk\u00fcrzen werden\u2026<\/p>\n<p>Doch was ist das da? Sieht das aus wie ein gn\u00e4diges St\u00fcckchen blauer Himmel? Jetzt aber nix wie los zum Ritualplatz. Juhuu, wenigstens eine kleine Regenpause in Sicht.<\/p>\n<p>Tats\u00e4chlich aber waren die Gebete erh\u00f6rt worden, der Himmel riss auf\u00a0 und schenkte uns einen von Sonne \u00fcberstrahlten Ritualplatz, die Temperaturen wurden angenehm und der Wind strich nur sanft durch die B\u00e4ume. Die G\u00f6tter waren mit uns!!<\/p>\n<div id=\"attachment_905\" style=\"width: 235px\" class=\"wp-caption aligncenter\"><a href=\"http:\/\/blog.slow-mo.de\/wp-content\/uploads\/2016\/06\/Altar.jpg\"><img aria-describedby=\"caption-attachment-905\" loading=\"lazy\" class=\"wp-image-905 size-medium\" src=\"http:\/\/blog.slow-mo.de\/wp-content\/uploads\/2016\/06\/Altar-225x300.jpg\" alt=\"Unser Mittsommeraltar, die Sonne lacht\" width=\"225\" height=\"300\" srcset=\"https:\/\/blog.slow-mo.de\/wp-content\/uploads\/2016\/06\/Altar-225x300.jpg 225w, https:\/\/blog.slow-mo.de\/wp-content\/uploads\/2016\/06\/Altar.jpg 735w\" sizes=\"(max-width: 225px) 100vw, 225px\" \/><\/a><p id=\"caption-attachment-905\" class=\"wp-caption-text\">Unser Mittsommeraltar, die Sonne lacht<\/p><\/div>\n<p>Fr\u00f6hliche Farben, symboltr\u00e4chtige Gegenst\u00e4nde und bunte Blumen sollten die Pracht des Sommers darstellen. Dementsprechend schm\u00fcckten wir liebevoll unseren kleinen Altar.<\/p>\n<p>&nbsp;<\/p>\n<div id=\"attachment_909\" style=\"width: 310px\" class=\"wp-caption aligncenter\"><a href=\"http:\/\/blog.slow-mo.de\/wp-content\/uploads\/2016\/06\/Ritual_Juni_2016.jpg\"><img aria-describedby=\"caption-attachment-909\" loading=\"lazy\" class=\"wp-image-909 size-medium\" src=\"http:\/\/blog.slow-mo.de\/wp-content\/uploads\/2016\/06\/Ritual_Juni_2016-300x169.jpg\" alt=\"Unser reich geschm\u00fcckter Altar \" width=\"300\" height=\"169\" srcset=\"https:\/\/blog.slow-mo.de\/wp-content\/uploads\/2016\/06\/Ritual_Juni_2016-300x169.jpg 300w, https:\/\/blog.slow-mo.de\/wp-content\/uploads\/2016\/06\/Ritual_Juni_2016-768x432.jpg 768w, https:\/\/blog.slow-mo.de\/wp-content\/uploads\/2016\/06\/Ritual_Juni_2016-1024x576.jpg 1024w, https:\/\/blog.slow-mo.de\/wp-content\/uploads\/2016\/06\/Ritual_Juni_2016.jpg 1536w\" sizes=\"(max-width: 300px) 100vw, 300px\" \/><\/a><p id=\"caption-attachment-909\" class=\"wp-caption-text\">Unser reich geschm\u00fcckter Altar, dabei die Runen, die wir im Ritual gesungen haben<\/p><\/div>\n<p>Es folgte ein intensives, \u00a0au\u00dfergew\u00f6hnlich langes Ritual. Unsere Herdwartin hielt eine spannende Rede zum Thema Sommer, F\u00fclle und Fruchtbarkeit. Gespannt lauschten wir der Geschichte \u00fcber die Bedeutung der damaligen Spinnstuben und der damit verbundenen Br\u00e4uche. Geschichten \u00fcber die Zeit, in der jedes Mitglied einer Gemeinschaft dazu beitrug, das \u00dcberleben zu sichern, jeder nach seinen F\u00e4higkeiten. Der Sommer mit seiner \u00a0gro\u00dfen F\u00fclle und Reife lie\u00df die Menschen auf reiche Ernte hoffen. Wir wurden einmal mehr gewahr, dass es nicht selbstverst\u00e4ndlich ist, in Wohlstand und F\u00fclle zu leben.<\/p>\n<p>Die hochstehende Sonne ruft auch das Thema \u201eLebensfreude\u201c immer wieder wach. Gl\u00fccklich sind die, die Freude aus tiefsten Herzen empfinden k\u00f6nnen. Das darf Freude \u00fcber die gro\u00dfen Erfolge sein, genauso aber auch die Freude \u00fcber die kleinen Dinge&#8230; Echte Freude unterscheidet nicht zwischen gro\u00dfen oder kleinen Dingen. Sie strahlt einfach aus sich heraus\u2026<\/p>\n<p>Bei den G\u00f6tteranrufungen wurde diesmal besonders Freya (Frija) hervorgehoben, in ihrem Aspekt f\u00fcr F\u00fclle, Leidenschaft und weibliche Macht. Sie ist eine Unterst\u00fctzerin f\u00fcr starke Frauen und solche, die sich mehr St\u00e4rke w\u00fcnschen!<\/p>\n<p>Zu Ehren der G\u00f6tter und auch, um Bragi zu erfreuen, wurden anschlie\u00dfend Lieder gesungen. Da Bragi jedoch hier und da einige Verbesserungsvorschl\u00e4ge hatte, musste der Kanon mehrfach unterbrochen und neu angesetzt werden. Wie soll man da noch ernst bleiben. Was solls\u2026 mit Humor geht doch alles viel besser \ud83d\ude42<\/p>\n<p style=\"text-align: center;\"><span style=\"color: #800080;\">Nerthus, Erdmutter, komm!<\/span><br \/>\n<span style=\"color: #800080;\">Sonnwendfeuer brennen \u00fcberall.<\/span><br \/>\n<span style=\"color: #800080;\">H\u00f6r, wir singen wieder! H\u00f6r, wir singen wieder!<\/span><\/p>\n<p style=\"text-align: center;\">&#8230;<\/p>\n<p>Auf das fr\u00f6hliche Singen folgten emotionale und nachdenklich stimmende Sumbelrunden. Sehr pers\u00f6nliches wurde gesagt und von der Gemeinschaft mitgetragen. Begleitet von leisen Trommelschl\u00e4gen wurden dann die Opfer in aller Stille dargebracht.<\/p>\n<p>Anschlie\u00dfend sollte ein neues Idol seine Weihe bekommen, da das alte Idol nicht mehr existent ist. Das pr\u00e4chtige Idol wurde von uns mit dem Rauch des heiligen Feuers geweiht, von jedem Mitglied einzeln gesegnet und umfassend geehrt.<\/p>\n<p>Kraftvoller Runengesang rundete das Ritual ab. Der Runengesang wurde von den Rufen eines Eichelh\u00e4hers begleitet, dem man auch die Funktion eines W\u00e4chters nachsagt. Und nach dem \u00d6ffnen des Kreises f\u00fchlten wir alle uns auf eine angenehme Weise ersch\u00f6pft. Dieses Mittsommer-Ritual hat sehr viel Energie gefordert aber auch auch sehr viel wieder zur\u00fcckgegeben.<\/p>\n<div id=\"attachment_911\" style=\"width: 310px\" class=\"wp-caption aligncenter\"><a href=\"http:\/\/blog.slow-mo.de\/wp-content\/uploads\/2016\/06\/Abschied.jpg\"><img aria-describedby=\"caption-attachment-911\" loading=\"lazy\" class=\"size-medium wp-image-911\" src=\"http:\/\/blog.slow-mo.de\/wp-content\/uploads\/2016\/06\/Abschied-300x281.jpg\" alt=\"Blumengru\u00df\" width=\"300\" height=\"281\" srcset=\"https:\/\/blog.slow-mo.de\/wp-content\/uploads\/2016\/06\/Abschied-300x281.jpg 300w, https:\/\/blog.slow-mo.de\/wp-content\/uploads\/2016\/06\/Abschied.jpg 499w\" sizes=\"(max-width: 300px) 100vw, 300px\" \/><\/a><p id=\"caption-attachment-911\" class=\"wp-caption-text\">Blumengru\u00df<\/p><\/div>\n<p>Zufrieden r\u00e4umten wir den Platz auf, lie\u00dfen Blumengeschenke zur\u00fcck und dann hie\u00df es: Ran an den Grill! So viel Energiearbeit macht hungrig.<\/p>\n<div id=\"attachment_906\" style=\"width: 235px\" class=\"wp-caption aligncenter\"><a href=\"http:\/\/blog.slow-mo.de\/wp-content\/uploads\/2016\/06\/Grill.jpg\"><img aria-describedby=\"caption-attachment-906\" loading=\"lazy\" class=\"size-medium wp-image-906\" src=\"http:\/\/blog.slow-mo.de\/wp-content\/uploads\/2016\/06\/Grill-225x300.jpg\" alt=\"Noch warten wir auf das Grillgut... \" width=\"225\" height=\"300\" srcset=\"https:\/\/blog.slow-mo.de\/wp-content\/uploads\/2016\/06\/Grill-225x300.jpg 225w, https:\/\/blog.slow-mo.de\/wp-content\/uploads\/2016\/06\/Grill.jpg 735w\" sizes=\"(max-width: 225px) 100vw, 225px\" \/><\/a><p id=\"caption-attachment-906\" class=\"wp-caption-text\">Noch warten wir auf das Grillgut&#8230;<\/p><\/div>\n<p>Die Stimmung beim Essen wurde von sehr viel Gel\u00e4chter begleitet, so dass wir erst aufbrachen, als die k\u00fchle Feuchtigkeit vom Teich hochstieg und es leicht ungem\u00fctlich wurde.<\/p>\n<p>Dank den G\u00f6ttern f\u00fcr diesen fantastischen Nachmittag!<\/p>\n<p>Von Drea<\/p>\n","protected":false},"excerpt":{"rendered":"<p>Am 18.6 traf sich der Herd Aldsidu Honovere zum Mittsommerfest auf dem Grundst\u00fcck. Banger Blick gen Himmel auf der Hinfahrt\u2026 immer noch klatschen die Tropfen auf die Windschutzscheibe\u2026 MIST\u2026 soll das sch\u00f6ne Fest etwa ins Wasser fallen? Die Wettervorhersage l\u00e4sst &hellip; <a href=\"https:\/\/blog.slow-mo.de\/?p=903\">Weiterlesen <span class=\"meta-nav\">&rarr;<\/span><\/a><\/p>\n","protected":false},"author":1,"featured_media":0,"comment_status":"open","ping_status":"closed","sticky":false,"template":"","format":"standard","meta":[],"categories":[11],"tags":[],"_links":{"self":[{"href":"https:\/\/blog.slow-mo.de\/index.php?rest_route=\/wp\/v2\/posts\/903"}],"collection":[{"href":"https:\/\/blog.slow-mo.de\/index.php?rest_route=\/wp\/v2\/posts"}],"about":[{"href":"https:\/\/blog.slow-mo.de\/index.php?rest_route=\/wp\/v2\/types\/post"}],"author":[{"embeddable":true,"href":"https:\/\/blog.slow-mo.de\/index.php?rest_route=\/wp\/v2\/users\/1"}],"replies":[{"embeddable":true,"href":"https:\/\/blog.slow-mo.de\/index.php?rest_route=%2Fwp%2Fv2%2Fcomments&post=903"}],"version-history":[{"count":6,"href":"https:\/\/blog.slow-mo.de\/index.php?rest_route=\/wp\/v2\/posts\/903\/revisions"}],"predecessor-version":[{"id":916,"href":"https:\/\/blog.slow-mo.de\/index.php?rest_route=\/wp\/v2\/posts\/903\/revisions\/916"}],"wp:attachment":[{"href":"https:\/\/blog.slow-mo.de\/index.php?rest_route=%2Fwp%2Fv2%2Fmedia&parent=903"}],"wp:term":[{"taxonomy":"category","embeddable":true,"href":"https:\/\/blog.slow-mo.de\/index.php?rest_route=%2Fwp%2Fv2%2Fcategories&post=903"},{"taxonomy":"post_tag","embeddable":true,"href":"https:\/\/blog.slow-mo.de\/index.php?rest_route=%2Fwp%2Fv2%2Ftags&post=903"}],"curies":[{"name":"wp","href":"https:\/\/api.w.org\/{rel}","templated":true}]}}