{"id":795,"date":"2015-12-01T09:52:35","date_gmt":"2015-12-01T09:52:35","guid":{"rendered":"http:\/\/blog.slow-mo.de\/?p=795"},"modified":"2016-02-01T14:31:01","modified_gmt":"2016-02-01T14:31:01","slug":"ritual-am-29-11-2015","status":"publish","type":"post","link":"https:\/\/blog.slow-mo.de\/?p=795","title":{"rendered":"Ritual am 29.11.2015"},"content":{"rendered":"<p>Am 29.11.2015 traf sich der Aldsidu Honovere (Asatru und Heidenstammtisch Hannover) zum letzten Ritual in diesem Jahr.<\/p>\n<p>Obwohl es schon den gesamten Vormittag regnete begr\u00fc\u00dfte uns das Wetter am Herdgrundst\u00fcck mit einer kurzen Regenpause, wie ein kleiner Willkommensgru\u00df. Zu unserem Ritual durften wir auch zwei G\u00e4ste willkommen hei\u00dfen, so dass wir in kleiner Runde den Ritualplatz schm\u00fcckten und das Feuer vorbereiteten.<\/p>\n<div id=\"attachment_796\" style=\"width: 232px\" class=\"wp-caption aligncenter\"><a href=\"http:\/\/blog.slow-mo.de\/wp-content\/uploads\/2015\/12\/Altar.jpg\"><img aria-describedby=\"caption-attachment-796\" loading=\"lazy\" class=\"size-medium wp-image-796\" src=\"http:\/\/blog.slow-mo.de\/wp-content\/uploads\/2015\/12\/Altar-222x300.jpg\" alt=\"Unser Altar\" width=\"222\" height=\"300\" srcset=\"https:\/\/blog.slow-mo.de\/wp-content\/uploads\/2015\/12\/Altar-222x300.jpg 222w, https:\/\/blog.slow-mo.de\/wp-content\/uploads\/2015\/12\/Altar.jpg 711w\" sizes=\"(max-width: 222px) 100vw, 222px\" \/><\/a><p id=\"caption-attachment-796\" class=\"wp-caption-text\">Unser Altar<\/p><\/div>\n<p>Leider begann es dann bereits wieder zu tr\u00f6pfeln, so dass wir uns entschlossen, bereits vor Beginn des eigentlichen Rituals das Feuer zu entz\u00fcnden. Trotz Regen und Wind hat der einzige Mann in unserer Runde das Feuer z\u00fcgig und gekonnt in Gang gebracht. Gleichzeitig wurden noch zwei Fackeln entz\u00fcndet, die den Zugang zu unserem Steinkreis s\u00e4umten.<\/p>\n<div id=\"attachment_797\" style=\"width: 232px\" class=\"wp-caption aligncenter\"><a href=\"http:\/\/blog.slow-mo.de\/wp-content\/uploads\/2015\/12\/Altar2.jpg\"><img aria-describedby=\"caption-attachment-797\" loading=\"lazy\" class=\"size-medium wp-image-797\" src=\"http:\/\/blog.slow-mo.de\/wp-content\/uploads\/2015\/12\/Altar2-222x300.jpg\" alt=\"Zwei sch\u00f6ne neue H\u00e4mmer, die wir auch zur Weihung der Sumbelrunden benutzt haben\" width=\"222\" height=\"300\" srcset=\"https:\/\/blog.slow-mo.de\/wp-content\/uploads\/2015\/12\/Altar2-222x300.jpg 222w, https:\/\/blog.slow-mo.de\/wp-content\/uploads\/2015\/12\/Altar2.jpg 711w\" sizes=\"(max-width: 222px) 100vw, 222px\" \/><\/a><p id=\"caption-attachment-797\" class=\"wp-caption-text\">Zwei sch\u00f6ne neue H\u00e4mmer, die wir auch zur Weihung der Sumbelrunden benutzt haben<\/p><\/div>\n<div id=\"attachment_800\" style=\"width: 229px\" class=\"wp-caption aligncenter\"><a href=\"http:\/\/blog.slow-mo.de\/wp-content\/uploads\/2015\/12\/Jultanne.jpg\"><img aria-describedby=\"caption-attachment-800\" loading=\"lazy\" class=\"size-medium wp-image-800\" src=\"http:\/\/blog.slow-mo.de\/wp-content\/uploads\/2015\/12\/Jultanne-219x300.jpg\" alt=\"Der Ritualplatz - eine gr\u00fcne Kugel f\u00fcr den noch schlafenden Fr\u00fchling - \" width=\"219\" height=\"300\" srcset=\"https:\/\/blog.slow-mo.de\/wp-content\/uploads\/2015\/12\/Jultanne-219x300.jpg 219w, https:\/\/blog.slow-mo.de\/wp-content\/uploads\/2015\/12\/Jultanne.jpg 608w\" sizes=\"(max-width: 219px) 100vw, 219px\" \/><\/a><p id=\"caption-attachment-800\" class=\"wp-caption-text\">Der Ritualplatz<br \/>&#8211; eine gr\u00fcne Kugel f\u00fcr den noch schlafenden Fr\u00fchling &#8211;<\/p><\/div>\n<p>&nbsp;<\/p>\n<p>Im Regen und Sturm wurde dann noch traditionell mit Kleinigkeiten unsere Jultanne geschm\u00fcckt. Danke, dass andere nicht so vergesslich waren, wie ich \ud83d\ude09<\/p>\n<div id=\"attachment_799\" style=\"width: 310px\" class=\"wp-caption aligncenter\"><a href=\"http:\/\/blog.slow-mo.de\/wp-content\/uploads\/2015\/12\/Jul.jpg\"><img aria-describedby=\"caption-attachment-799\" loading=\"lazy\" class=\"size-medium wp-image-799\" src=\"http:\/\/blog.slow-mo.de\/wp-content\/uploads\/2015\/12\/Jul-300x220.jpg\" alt=\"Jultanne schm\u00fccken\" width=\"300\" height=\"220\" srcset=\"https:\/\/blog.slow-mo.de\/wp-content\/uploads\/2015\/12\/Jul-300x220.jpg 300w, https:\/\/blog.slow-mo.de\/wp-content\/uploads\/2015\/12\/Jul.jpg 996w\" sizes=\"(max-width: 300px) 100vw, 300px\" \/><\/a><p id=\"caption-attachment-799\" class=\"wp-caption-text\">Jultanne schm\u00fccken<\/p><\/div>\n<p>Da wir dieses Jahr das Julfest nicht gemeinsam feiern werden, habe ich den Gedanken des R\u00fcckblicks und des Abschlusses f\u00fcr dieses Ritual aufgenommen. Wie sind unsere Ziele und W\u00fcnsche dieses Jahr in Erf\u00fcllung gegangen? Was wollten wir erreichen? K\u00f6nnen wir jemandem danken f\u00fcr seinen Beistand, seine Hilfe beim Erreichen unserer Ziele? K\u00f6nnen wir uns vielleicht selbst einmal danken? Das vergessen wir sicher h\u00e4ufig. Wir d\u00fcrfen uns selbst erlauben, dankbar uns selbst gegen\u00fcber zu sein, stolz auf erreichtes sein, zufrieden sein!<\/p>\n<p>Gleichzeitig stand die Frage im Raum, was wir uns vornehmen wollen f\u00fcr das n\u00e4chste Jahr. K\u00f6nnen wir an Erfolge ankn\u00fcpfen, oder wollen wir vielleicht lieber kleinere Schritte machen? Wer k\u00f6nnte uns helfen? Wen k\u00f6nnen wir um Hilfe bitten?<\/p>\n<p>Lasst uns die Julzeit und die Raun\u00e4chte nutzen um R\u00e9\u00adsu\u00adm\u00e9 zu ziehen. Dann k\u00f6nnen wir neue Pl\u00e4ne schmieden und gest\u00e4rkt in das neue Jahr gehen.<\/p>\n<p>Nach dem Ritual gab es noch viele keine K\u00f6stlichkeiten, Tee und Kaffee. Das Feuer brannte richtig sch\u00f6n, doch leider wurde es dann so nass und ungem\u00fctlich, dass wir die Runde bald aufgel\u00f6st haben.<\/p>\n<div id=\"attachment_798\" style=\"width: 233px\" class=\"wp-caption aligncenter\"><a href=\"http:\/\/blog.slow-mo.de\/wp-content\/uploads\/2015\/12\/Feuer.jpg\"><img aria-describedby=\"caption-attachment-798\" loading=\"lazy\" class=\"size-medium wp-image-798\" src=\"http:\/\/blog.slow-mo.de\/wp-content\/uploads\/2015\/12\/Feuer-223x300.jpg\" alt=\"Das Ritualfeuer lodert \" width=\"223\" height=\"300\" srcset=\"https:\/\/blog.slow-mo.de\/wp-content\/uploads\/2015\/12\/Feuer-223x300.jpg 223w, https:\/\/blog.slow-mo.de\/wp-content\/uploads\/2015\/12\/Feuer-761x1024.jpg 761w, https:\/\/blog.slow-mo.de\/wp-content\/uploads\/2015\/12\/Feuer.jpg 955w\" sizes=\"(max-width: 223px) 100vw, 223px\" \/><\/a><p id=\"caption-attachment-798\" class=\"wp-caption-text\">Das Ritualfeuer lodert<\/p><\/div>\n<p>Den Wesen des Platzes wurden noch K\u00f6rner, Samen, Obst und Blumen zur\u00fcck gelassen. Nun kann der Ritualplatz f\u00fcr dieses Jahr zur Ruhe kommen.<\/p>\n<div id=\"attachment_801\" style=\"width: 310px\" class=\"wp-caption aligncenter\"><a href=\"http:\/\/blog.slow-mo.de\/wp-content\/uploads\/2015\/12\/Opfergaben.jpg\"><img aria-describedby=\"caption-attachment-801\" loading=\"lazy\" class=\"size-medium wp-image-801\" src=\"http:\/\/blog.slow-mo.de\/wp-content\/uploads\/2015\/12\/Opfergaben-300x190.jpg\" alt=\"Opfergaben an den Platz in der aufkommenden Dunkelheit\" width=\"300\" height=\"190\" srcset=\"https:\/\/blog.slow-mo.de\/wp-content\/uploads\/2015\/12\/Opfergaben-300x190.jpg 300w, https:\/\/blog.slow-mo.de\/wp-content\/uploads\/2015\/12\/Opfergaben.jpg 1010w\" sizes=\"(max-width: 300px) 100vw, 300px\" \/><\/a><p id=\"caption-attachment-801\" class=\"wp-caption-text\">Opfergaben an den Platz in der aufkommenden Dunkelheit<\/p><\/div>\n<p>Euch allen w\u00fcnsche ich eine gute Vor-Julzeit und ein segensreiches Julfest mit anschlie\u00dfenden weissagenden Raun\u00e4chten.<\/p>\n<p>Lorian<\/p>\n","protected":false},"excerpt":{"rendered":"<p>Am 29.11.2015 traf sich der Aldsidu Honovere (Asatru und Heidenstammtisch Hannover) zum letzten Ritual in diesem Jahr. Obwohl es schon den gesamten Vormittag regnete begr\u00fc\u00dfte uns das Wetter am Herdgrundst\u00fcck mit einer kurzen Regenpause, wie ein kleiner Willkommensgru\u00df. Zu unserem &hellip; <a href=\"https:\/\/blog.slow-mo.de\/?p=795\">Weiterlesen <span class=\"meta-nav\">&rarr;<\/span><\/a><\/p>\n","protected":false},"author":1,"featured_media":0,"comment_status":"open","ping_status":"closed","sticky":false,"template":"","format":"standard","meta":[],"categories":[11],"tags":[],"_links":{"self":[{"href":"https:\/\/blog.slow-mo.de\/index.php?rest_route=\/wp\/v2\/posts\/795"}],"collection":[{"href":"https:\/\/blog.slow-mo.de\/index.php?rest_route=\/wp\/v2\/posts"}],"about":[{"href":"https:\/\/blog.slow-mo.de\/index.php?rest_route=\/wp\/v2\/types\/post"}],"author":[{"embeddable":true,"href":"https:\/\/blog.slow-mo.de\/index.php?rest_route=\/wp\/v2\/users\/1"}],"replies":[{"embeddable":true,"href":"https:\/\/blog.slow-mo.de\/index.php?rest_route=%2Fwp%2Fv2%2Fcomments&post=795"}],"version-history":[{"count":1,"href":"https:\/\/blog.slow-mo.de\/index.php?rest_route=\/wp\/v2\/posts\/795\/revisions"}],"predecessor-version":[{"id":802,"href":"https:\/\/blog.slow-mo.de\/index.php?rest_route=\/wp\/v2\/posts\/795\/revisions\/802"}],"wp:attachment":[{"href":"https:\/\/blog.slow-mo.de\/index.php?rest_route=%2Fwp%2Fv2%2Fmedia&parent=795"}],"wp:term":[{"taxonomy":"category","embeddable":true,"href":"https:\/\/blog.slow-mo.de\/index.php?rest_route=%2Fwp%2Fv2%2Fcategories&post=795"},{"taxonomy":"post_tag","embeddable":true,"href":"https:\/\/blog.slow-mo.de\/index.php?rest_route=%2Fwp%2Fv2%2Ftags&post=795"}],"curies":[{"name":"wp","href":"https:\/\/api.w.org\/{rel}","templated":true}]}}