{"id":779,"date":"2015-10-26T07:58:25","date_gmt":"2015-10-26T07:58:25","guid":{"rendered":"http:\/\/blog.slow-mo.de\/?p=779"},"modified":"2015-12-01T09:54:52","modified_gmt":"2015-12-01T09:54:52","slug":"ritual-vom-24-10-2015","status":"publish","type":"post","link":"https:\/\/blog.slow-mo.de\/?p=779","title":{"rendered":"Ritual vom 24.10.2015"},"content":{"rendered":"<p>Am 24.10.2015 trafen sich sechs Mitglieder des Stammtisches Hannover zum Ritual auf dem Herdgrundst\u00fcck. Von den sechs Mitgliedern war eines noch ungeboren und wartet darauf, das Licht der Welt zu erblicken.<\/p>\n<p>Und ein Mitglied, n\u00e4mlich unsere Herdwartin war durch die Leihgabe von Ritualgegenst\u00e4nden nicht k\u00f6rperlich, aber daf\u00fcr energetisch, sozusagen transpersonal anwesend.<\/p>\n<div id=\"attachment_781\" style=\"width: 179px\" class=\"wp-caption aligncenter\"><a href=\"http:\/\/blog.slow-mo.de\/wp-content\/uploads\/2015\/10\/IMG-20151024-WA0008.jpg\"><img aria-describedby=\"caption-attachment-781\" loading=\"lazy\" src=\"http:\/\/blog.slow-mo.de\/wp-content\/uploads\/2015\/10\/IMG-20151024-WA0008-169x300.jpg\" alt=\"Altar\" width=\"169\" height=\"300\" class=\"size-medium wp-image-781\" srcset=\"https:\/\/blog.slow-mo.de\/wp-content\/uploads\/2015\/10\/IMG-20151024-WA0008-169x300.jpg 169w, https:\/\/blog.slow-mo.de\/wp-content\/uploads\/2015\/10\/IMG-20151024-WA0008-576x1024.jpg 576w, https:\/\/blog.slow-mo.de\/wp-content\/uploads\/2015\/10\/IMG-20151024-WA0008.jpg 747w\" sizes=\"(max-width: 169px) 100vw, 169px\" \/><\/a><p id=\"caption-attachment-781\" class=\"wp-caption-text\">Altar<\/p><\/div>\n<p>Die Runde war dieses Mal klein, aber sehr fein. Der Altar war schlicht und in gedeckten Farben gehalten.<\/p>\n<div id=\"attachment_780\" style=\"width: 310px\" class=\"wp-caption aligncenter\"><a href=\"http:\/\/blog.slow-mo.de\/wp-content\/uploads\/2015\/10\/IMG-20151024-WA0007.jpg\"><img aria-describedby=\"caption-attachment-780\" loading=\"lazy\" src=\"http:\/\/blog.slow-mo.de\/wp-content\/uploads\/2015\/10\/IMG-20151024-WA0007-300x180.jpg\" alt=\"w\u00e4rmende Flammen\" width=\"300\" height=\"180\" class=\"size-medium wp-image-780\" srcset=\"https:\/\/blog.slow-mo.de\/wp-content\/uploads\/2015\/10\/IMG-20151024-WA0007-300x180.jpg 300w, https:\/\/blog.slow-mo.de\/wp-content\/uploads\/2015\/10\/IMG-20151024-WA0007-1024x614.jpg 1024w, https:\/\/blog.slow-mo.de\/wp-content\/uploads\/2015\/10\/IMG-20151024-WA0007.jpg 1440w\" sizes=\"(max-width: 300px) 100vw, 300px\" \/><\/a><p id=\"caption-attachment-780\" class=\"wp-caption-text\">w\u00e4rmende Flammen<\/p><\/div>\n<p>Die Feuerwartin entz\u00fcndete schnell und leicht ein kleines, aber munteres Feuer, welches immer wieder in den richtigen Momenten aufflackerte.<\/p>\n<p>Thema des Rituals war \u201eBeginn der dunklen Zeit\u201c. Wir bereiten uns auf den R\u00fcckzug vor, die Ernte ist eingefahren und sorgt daf\u00fcr, dass es uns im Winter an nichts mangelt. So war es bei den Altvorderen. Wir gehen heute zwar mal eben um die Ecke in den Supermarkt, sollten aber nicht vergessen, dass unsere Ahnen, denen der kommende Monat November gewidmet ist, davon abh\u00e4ngig waren, was ihnen die Erde hervorbrachte.<\/p>\n<p>Auch sollten wir uns darauf besinnen, dass die Winterzeit eigentlich auch die Zeit ist, in der man n\u00e4her zusammenr\u00fccken sollte. Gemeinsam sind die Schatten und die in Ihnen verborgenen \u00c4ngste leichter zu ertragen. Dennoch kann es in diesen Wochen unsere Aufgabe sein, sich bestimmten, pers\u00f6nlichen \u00c4ngsten zu stellen. Wenn die Sonne am tiefsten steht, sind  die Schatten am l\u00e4ngsten und wollen gesehen und bearbeitet werden.<\/p>\n<p>Dieses Thema hatte die Ritualleiterin in eine kleine, selbstverfasste Kurzgeschichte verpackt, abgerundet durch ein Lied.<\/p>\n<p>Die Sumbelrunden waren tiefsinnig und zum Teil sehr pers\u00f6nlich. Besonders hervorgehoben wurden die Ahnen, da dies jetzt an der Zeit ist. Da die Geburt eines kleinen Erdenb\u00fcrgers unmittelbar bevorsteht, sagten die Eltern, dass auch sie alsbald Ahnen sein werden. Auch das alte Wissen der Ahnen sollte uns wieder mehr zug\u00e4nglich gemacht werden. Lasst uns diese wertvollen Weisheiten unserer Vorfahren wieder mehr in die Welt tragen.<\/p>\n<p>Die Stimmung war sehr besinnlich und durch und durch harmonisch. Das Ritual war umgeben von Stille, so als ob die Natur selbst lauschen w\u00fcrde.<\/p>\n<p>Erst am Ende des Ritual kam ein leichter Wind auf, es war ein zartes Bl\u00e4tterrascheln, so als ob die im Ritual entstandenen Energien leise emporgehoben w\u00fcrden. Das Wispern der Naturgeister wurde begleitet von zartem Vogelgesang.<\/p>\n<div id=\"attachment_782\" style=\"width: 179px\" class=\"wp-caption aligncenter\"><a href=\"http:\/\/blog.slow-mo.de\/wp-content\/uploads\/2015\/10\/IMG-20151024-WA0009.jpg\"><img aria-describedby=\"caption-attachment-782\" loading=\"lazy\" src=\"http:\/\/blog.slow-mo.de\/wp-content\/uploads\/2015\/10\/IMG-20151024-WA0009-169x300.jpg\" alt=\"Reste des Opferbrotes, von dem auch jeder Teilnehmer gekostet hat\" width=\"169\" height=\"300\" class=\"size-medium wp-image-782\" srcset=\"https:\/\/blog.slow-mo.de\/wp-content\/uploads\/2015\/10\/IMG-20151024-WA0009-169x300.jpg 169w, https:\/\/blog.slow-mo.de\/wp-content\/uploads\/2015\/10\/IMG-20151024-WA0009-576x1024.jpg 576w, https:\/\/blog.slow-mo.de\/wp-content\/uploads\/2015\/10\/IMG-20151024-WA0009.jpg 747w\" sizes=\"(max-width: 169px) 100vw, 169px\" \/><\/a><p id=\"caption-attachment-782\" class=\"wp-caption-text\">Reste des Opferbrotes, von dem auch jeder Teilnehmer gekostet hat<\/p><\/div>\n<p>Im Anschluss an das Ritual gab es zwecks Erdung ein liebevoll selbstgebackenes Dinkelfr\u00fcchtebrot und hei\u00dfen Tee, begleitet von einem Austausch \u00fcber spirituelles und zum aktuellen Zeitgeschehen. Auch die Gespr\u00e4che verliefen in einer angenehmen, entspannten Atmosph\u00e4re.<\/p>\n<p>Das Feuer war nun heruntergebrannt, die letzten Worte gesprochen. Man verabschiedete sich herzlich voneinander und gab sich den Segen des Heimwegs.<\/p>\n<p>Von Clarissa und Drea<\/p>\n","protected":false},"excerpt":{"rendered":"<p>Am 24.10.2015 trafen sich sechs Mitglieder des Stammtisches Hannover zum Ritual auf dem Herdgrundst\u00fcck. Von den sechs Mitgliedern war eines noch ungeboren und wartet darauf, das Licht der Welt zu erblicken. Und ein Mitglied, n\u00e4mlich unsere Herdwartin war durch die &hellip; <a href=\"https:\/\/blog.slow-mo.de\/?p=779\">Weiterlesen <span class=\"meta-nav\">&rarr;<\/span><\/a><\/p>\n","protected":false},"author":1,"featured_media":0,"comment_status":"open","ping_status":"closed","sticky":false,"template":"","format":"standard","meta":[],"categories":[11],"tags":[],"_links":{"self":[{"href":"https:\/\/blog.slow-mo.de\/index.php?rest_route=\/wp\/v2\/posts\/779"}],"collection":[{"href":"https:\/\/blog.slow-mo.de\/index.php?rest_route=\/wp\/v2\/posts"}],"about":[{"href":"https:\/\/blog.slow-mo.de\/index.php?rest_route=\/wp\/v2\/types\/post"}],"author":[{"embeddable":true,"href":"https:\/\/blog.slow-mo.de\/index.php?rest_route=\/wp\/v2\/users\/1"}],"replies":[{"embeddable":true,"href":"https:\/\/blog.slow-mo.de\/index.php?rest_route=%2Fwp%2Fv2%2Fcomments&post=779"}],"version-history":[{"count":1,"href":"https:\/\/blog.slow-mo.de\/index.php?rest_route=\/wp\/v2\/posts\/779\/revisions"}],"predecessor-version":[{"id":783,"href":"https:\/\/blog.slow-mo.de\/index.php?rest_route=\/wp\/v2\/posts\/779\/revisions\/783"}],"wp:attachment":[{"href":"https:\/\/blog.slow-mo.de\/index.php?rest_route=%2Fwp%2Fv2%2Fmedia&parent=779"}],"wp:term":[{"taxonomy":"category","embeddable":true,"href":"https:\/\/blog.slow-mo.de\/index.php?rest_route=%2Fwp%2Fv2%2Fcategories&post=779"},{"taxonomy":"post_tag","embeddable":true,"href":"https:\/\/blog.slow-mo.de\/index.php?rest_route=%2Fwp%2Fv2%2Ftags&post=779"}],"curies":[{"name":"wp","href":"https:\/\/api.w.org\/{rel}","templated":true}]}}