{"id":764,"date":"2015-09-28T09:50:15","date_gmt":"2015-09-28T09:50:15","guid":{"rendered":"http:\/\/blog.slow-mo.de\/?p=764"},"modified":"2015-10-26T07:59:14","modified_gmt":"2015-10-26T07:59:14","slug":"herbstfest-2015","status":"publish","type":"post","link":"https:\/\/blog.slow-mo.de\/?p=764","title":{"rendered":"Herbstfest 2015"},"content":{"rendered":"<p>Am 27.9. trafen sich einige Mitglieder des Stammtisches Hannover zum Herbstfest auf dem Grundst\u00fcck. Die Sonne tauchte alles in herbstlich goldenes Licht und die Erde verstr\u00f6mte den satten, w\u00fcrzigen Duft nach Feuchtigkeit, Pilzen und Laub. Die Felder sind abgeerntet und das Zirpen der Grillen und der Duft nach Heu und die vielen tropischen N\u00e4chte, die wir diesen Sommer hatten sind nicht mehr als eine Erinnerung. Denn trotz der letzten w\u00e4rmenden Sonnenstrahlen steigen die Nebel schon sehr fr\u00fch aus den Niederungen auf und die Abende werden feucht und k\u00fchl.<\/p>\n<div id=\"attachment_765\" style=\"width: 235px\" class=\"wp-caption aligncenter\"><a href=\"http:\/\/blog.slow-mo.de\/wp-content\/uploads\/2015\/09\/Altar.jpg\"><img aria-describedby=\"caption-attachment-765\" loading=\"lazy\" src=\"http:\/\/blog.slow-mo.de\/wp-content\/uploads\/2015\/09\/Altar-225x300.jpg\" alt=\"Unser Herbstaltar\" width=\"225\" height=\"300\" class=\"size-medium wp-image-765\" srcset=\"https:\/\/blog.slow-mo.de\/wp-content\/uploads\/2015\/09\/Altar-225x300.jpg 225w, https:\/\/blog.slow-mo.de\/wp-content\/uploads\/2015\/09\/Altar.jpg 735w\" sizes=\"(max-width: 225px) 100vw, 225px\" \/><\/a><p id=\"caption-attachment-765\" class=\"wp-caption-text\">Unser Herbstaltar<\/p><\/div>\n<p>Ein klassischer Herbsttag, die Tag- und Nachtgleiche liegt gerade hinter uns, die N\u00e4chte sind ab jetzt wieder l\u00e4nger als die Tage.<\/p>\n<p>Die ergreifende Rede der Ritualleiterin ging auf die besondere Stimmung in diesen Tagen ein. Welche Ernte hat ein jeder von uns jetzt gerade eingefahren. Welche Projekte sollten jetzt zu Ende gebracht werden. Sind wir im Gleichgewicht zwischen Tag und Nacht? Hell und Dunkel? Licht und Schatten? Wir wurden eingeladen, uns diese Frage zu stellen.<\/p>\n<p>So fiel auch der tiefgr\u00fcndige Satz \u201eJede Ernte ist auch die Grundlage f\u00fcr eine neue Aussaat.\u201c Was uns daran erinnert, dass alles ein steter Kreislauf ist\u2026<\/p>\n<div id=\"attachment_767\" style=\"width: 310px\" class=\"wp-caption aligncenter\"><a href=\"http:\/\/blog.slow-mo.de\/wp-content\/uploads\/2015\/09\/Altar_Detail_2.jpg\"><img aria-describedby=\"caption-attachment-767\" loading=\"lazy\" src=\"http:\/\/blog.slow-mo.de\/wp-content\/uploads\/2015\/09\/Altar_Detail_2-300x225.jpg\" alt=\"Altar - Detail\" width=\"300\" height=\"225\" class=\"size-medium wp-image-767\" srcset=\"https:\/\/blog.slow-mo.de\/wp-content\/uploads\/2015\/09\/Altar_Detail_2-300x225.jpg 300w, https:\/\/blog.slow-mo.de\/wp-content\/uploads\/2015\/09\/Altar_Detail_2.jpg 980w\" sizes=\"(max-width: 300px) 100vw, 300px\" \/><\/a><p id=\"caption-attachment-767\" class=\"wp-caption-text\">Altar &#8211; Detail<\/p><\/div>\n<div id=\"attachment_766\" style=\"width: 235px\" class=\"wp-caption aligncenter\"><a href=\"http:\/\/blog.slow-mo.de\/wp-content\/uploads\/2015\/09\/Altar_Detail.jpg\"><img aria-describedby=\"caption-attachment-766\" loading=\"lazy\" src=\"http:\/\/blog.slow-mo.de\/wp-content\/uploads\/2015\/09\/Altar_Detail-225x300.jpg\" alt=\"Altar mit Herbst- und Erntesymbolen\" width=\"225\" height=\"300\" class=\"size-medium wp-image-766\" srcset=\"https:\/\/blog.slow-mo.de\/wp-content\/uploads\/2015\/09\/Altar_Detail-225x300.jpg 225w, https:\/\/blog.slow-mo.de\/wp-content\/uploads\/2015\/09\/Altar_Detail.jpg 735w\" sizes=\"(max-width: 225px) 100vw, 225px\" \/><\/a><p id=\"caption-attachment-766\" class=\"wp-caption-text\">Altar mit Herbst- und Erntesymbolen<\/p><\/div>\n<p>Ein weiterer Schwerpunkt des Rituals war Heimdall gewidmet. Er soll uns an seine W\u00e4chterfunktion und seine Standhaftigkeit erinnern; an die Frage, wen oder was lassen wir durch unsere &#8222;T\u00fcr&#8220; treten. Erlauben wir es uns doch einmal, dass wir schlechte Einfl\u00fcsse au\u00dfen vor lassen und gleichzeitig \u00fcberlegen wir doch, welche Gedanken\/Worte wir durch unseres &#8222;T\u00fcr&#8220; heraus lassen. <\/p>\n<p>Nach dem Ritual haben wir dann, wahrscheinlich das letzte Mal in diesem Jahr, den Grill angefeuert. Wie so oft leisteten uns die \u00f6rtlichen Katzen gerne Gesellschaft, denn es gibt ja immer so viele leckere Sachen zu futtern. Doch dieses Mal waren die kleinen Tiger recht aufdringlich, so dass sie einige Male energisch vom Tisch bef\u00f6rdert werden musste. Es entstand so schlie\u00dflich das Zitat \u201eKatzen sind zum Fliegen da\u201c und  dieses wird sicher in die historische Zitatensammlung des Herdes Aldsidu Honovere eingehen (Herdbuch!!).<\/p>\n<div id=\"attachment_768\" style=\"width: 235px\" class=\"wp-caption aligncenter\"><a href=\"http:\/\/blog.slow-mo.de\/wp-content\/uploads\/2015\/09\/Grillgut.jpg\"><img aria-describedby=\"caption-attachment-768\" loading=\"lazy\" src=\"http:\/\/blog.slow-mo.de\/wp-content\/uploads\/2015\/09\/Grillgut-225x300.jpg\" alt=\"Grillgut\" width=\"225\" height=\"300\" class=\"size-medium wp-image-768\" srcset=\"https:\/\/blog.slow-mo.de\/wp-content\/uploads\/2015\/09\/Grillgut-225x300.jpg 225w, https:\/\/blog.slow-mo.de\/wp-content\/uploads\/2015\/09\/Grillgut.jpg 490w\" sizes=\"(max-width: 225px) 100vw, 225px\" \/><\/a><p id=\"caption-attachment-768\" class=\"wp-caption-text\">Grillgut<\/p><\/div>\n<p>Das Treffen wurde vor Einbruch der D\u00e4mmerung beendet, denn die bereits erw\u00e4hnte feuchte, k\u00fchle Witterung bekam langsam Oberhand.<\/p>\n<p>Zur\u00fcck bleibt ein Altar, reich bedeckt mit Opfergaben, wie Blumen, (Wild)Fr\u00fcchte, ein wundersch\u00f6ner Kranz als Dank f\u00fcr die Ernte und f\u00fcr die Wesen des Platzes\u2026<\/p>\n<div id=\"attachment_770\" style=\"width: 235px\" class=\"wp-caption aligncenter\"><a href=\"http:\/\/blog.slow-mo.de\/wp-content\/uploads\/2015\/09\/Opfergaben.jpg\"><img aria-describedby=\"caption-attachment-770\" loading=\"lazy\" src=\"http:\/\/blog.slow-mo.de\/wp-content\/uploads\/2015\/09\/Opfergaben-225x300.jpg\" alt=\"Opfergaben\" width=\"225\" height=\"300\" class=\"size-medium wp-image-770\" srcset=\"https:\/\/blog.slow-mo.de\/wp-content\/uploads\/2015\/09\/Opfergaben-225x300.jpg 225w, https:\/\/blog.slow-mo.de\/wp-content\/uploads\/2015\/09\/Opfergaben.jpg 490w\" sizes=\"(max-width: 225px) 100vw, 225px\" \/><\/a><p id=\"caption-attachment-770\" class=\"wp-caption-text\">Opfergaben<\/p><\/div>\n<p>Von Drea<\/p>\n<p>Die Nacht schenkte uns eine wundersch\u00f6ne Mondfinsternis und einen Blutmond. Gesegnet sei Mani, auf dass er dem Wolf wieder einmal entkommen ist. <\/p>\n<p>Lorian<br \/>\n<div id=\"attachment_769\" style=\"width: 165px\" class=\"wp-caption aligncenter\"><a href=\"http:\/\/blog.slow-mo.de\/wp-content\/uploads\/2015\/09\/IMG_3105.jpg\"><img aria-describedby=\"caption-attachment-769\" loading=\"lazy\" src=\"http:\/\/blog.slow-mo.de\/wp-content\/uploads\/2015\/09\/IMG_3105-155x300.jpg\" alt=\"Mond in 3 Phasen Leider habe ich keine so gute Kamera, aber immerhin...\" width=\"155\" height=\"300\" class=\"size-medium wp-image-769\" srcset=\"https:\/\/blog.slow-mo.de\/wp-content\/uploads\/2015\/09\/IMG_3105-155x300.jpg 155w, https:\/\/blog.slow-mo.de\/wp-content\/uploads\/2015\/09\/IMG_3105.jpg 418w\" sizes=\"(max-width: 155px) 100vw, 155px\" \/><\/a><p id=\"caption-attachment-769\" class=\"wp-caption-text\">Mond in 3 Phasen<br \/>Leider habe ich keine so gute Kamera, aber immerhin&#8230;<\/p><\/div> <\/p>\n","protected":false},"excerpt":{"rendered":"<p>Am 27.9. trafen sich einige Mitglieder des Stammtisches Hannover zum Herbstfest auf dem Grundst\u00fcck. Die Sonne tauchte alles in herbstlich goldenes Licht und die Erde verstr\u00f6mte den satten, w\u00fcrzigen Duft nach Feuchtigkeit, Pilzen und Laub. Die Felder sind abgeerntet und &hellip; <a href=\"https:\/\/blog.slow-mo.de\/?p=764\">Weiterlesen <span class=\"meta-nav\">&rarr;<\/span><\/a><\/p>\n","protected":false},"author":1,"featured_media":0,"comment_status":"open","ping_status":"closed","sticky":false,"template":"","format":"standard","meta":[],"categories":[11],"tags":[],"_links":{"self":[{"href":"https:\/\/blog.slow-mo.de\/index.php?rest_route=\/wp\/v2\/posts\/764"}],"collection":[{"href":"https:\/\/blog.slow-mo.de\/index.php?rest_route=\/wp\/v2\/posts"}],"about":[{"href":"https:\/\/blog.slow-mo.de\/index.php?rest_route=\/wp\/v2\/types\/post"}],"author":[{"embeddable":true,"href":"https:\/\/blog.slow-mo.de\/index.php?rest_route=\/wp\/v2\/users\/1"}],"replies":[{"embeddable":true,"href":"https:\/\/blog.slow-mo.de\/index.php?rest_route=%2Fwp%2Fv2%2Fcomments&post=764"}],"version-history":[{"count":4,"href":"https:\/\/blog.slow-mo.de\/index.php?rest_route=\/wp\/v2\/posts\/764\/revisions"}],"predecessor-version":[{"id":775,"href":"https:\/\/blog.slow-mo.de\/index.php?rest_route=\/wp\/v2\/posts\/764\/revisions\/775"}],"wp:attachment":[{"href":"https:\/\/blog.slow-mo.de\/index.php?rest_route=%2Fwp%2Fv2%2Fmedia&parent=764"}],"wp:term":[{"taxonomy":"category","embeddable":true,"href":"https:\/\/blog.slow-mo.de\/index.php?rest_route=%2Fwp%2Fv2%2Fcategories&post=764"},{"taxonomy":"post_tag","embeddable":true,"href":"https:\/\/blog.slow-mo.de\/index.php?rest_route=%2Fwp%2Fv2%2Ftags&post=764"}],"curies":[{"name":"wp","href":"https:\/\/api.w.org\/{rel}","templated":true}]}}