{"id":724,"date":"2015-06-22T09:42:47","date_gmt":"2015-06-22T09:42:47","guid":{"rendered":"http:\/\/blog.slow-mo.de\/?p=724"},"modified":"2015-08-31T08:59:31","modified_gmt":"2015-08-31T08:59:31","slug":"mittsommer-2015-2","status":"publish","type":"post","link":"https:\/\/blog.slow-mo.de\/?p=724","title":{"rendered":"Mittsommer 2015"},"content":{"rendered":"<p>Am Samstag, den 20. Juni, trafen sich Mitglieder des Herdes Hannover, um gemeinsam mit G\u00e4sten ein Mittsommer-Ritual zu feiern.<\/p>\n<div id=\"attachment_725\" style=\"width: 235px\" class=\"wp-caption aligncenter\"><a href=\"http:\/\/blog.slow-mo.de\/wp-content\/uploads\/2015\/06\/IMG_20150620_182946.jpg\"><img aria-describedby=\"caption-attachment-725\" loading=\"lazy\" class=\"size-medium wp-image-725\" src=\"http:\/\/blog.slow-mo.de\/wp-content\/uploads\/2015\/06\/IMG_20150620_182946-225x300.jpg\" alt=\"Auf dem Weg zum Ritualplatz\" width=\"225\" height=\"300\" srcset=\"https:\/\/blog.slow-mo.de\/wp-content\/uploads\/2015\/06\/IMG_20150620_182946-225x300.jpg 225w, https:\/\/blog.slow-mo.de\/wp-content\/uploads\/2015\/06\/IMG_20150620_182946.jpg 735w\" sizes=\"(max-width: 225px) 100vw, 225px\" \/><\/a><p id=\"caption-attachment-725\" class=\"wp-caption-text\">Auf dem Weg zum Ritualplatz<\/p><\/div>\n<p>Zuerst schm\u00fcckten vier flei\u00dfige Frauen, den Platz und bereiteten das nach dem Ritual geplante gemeinsame Mahl vor. Dann trafen schon weitere Teilnehmer, darunter auch G\u00e4ste vom Herd Minden ein. Als besondere Gast brachten sie eine s\u00fc\u00dfe kleine H\u00fcndin mit, die einfach nicht verstehen konnte, warum die ortsans\u00e4ssige Katze partout nicht mit ihr spielen wollte.<\/p>\n<div id=\"attachment_733\" style=\"width: 304px\" class=\"wp-caption aligncenter\"><a href=\"http:\/\/blog.slow-mo.de\/wp-content\/uploads\/2015\/06\/IMG-20150622-WA0003.jpg\"><img aria-describedby=\"caption-attachment-733\" loading=\"lazy\" class=\"wp-image-733 size-medium\" src=\"http:\/\/blog.slow-mo.de\/wp-content\/uploads\/2015\/06\/IMG-20150622-WA0003-294x300.jpg\" alt=\"Unser Hundegast\" width=\"294\" height=\"300\" srcset=\"https:\/\/blog.slow-mo.de\/wp-content\/uploads\/2015\/06\/IMG-20150622-WA0003-294x300.jpg 294w, https:\/\/blog.slow-mo.de\/wp-content\/uploads\/2015\/06\/IMG-20150622-WA0003.jpg 564w\" sizes=\"(max-width: 294px) 100vw, 294px\" \/><\/a><p id=\"caption-attachment-733\" class=\"wp-caption-text\">Warum spielt das K\u00e4tzchen nicht mit mir?<\/p><\/div>\n<div id=\"attachment_730\" style=\"width: 310px\" class=\"wp-caption aligncenter\"><a href=\"http:\/\/blog.slow-mo.de\/wp-content\/uploads\/2015\/06\/IMG_20150620_204025.jpg\"><img aria-describedby=\"caption-attachment-730\" loading=\"lazy\" class=\"wp-image-730 size-medium\" src=\"http:\/\/blog.slow-mo.de\/wp-content\/uploads\/2015\/06\/IMG_20150620_204025-300x239.jpg\" alt=\"Grundst\u00fcckskatze\" width=\"300\" height=\"239\" srcset=\"https:\/\/blog.slow-mo.de\/wp-content\/uploads\/2015\/06\/IMG_20150620_204025-300x239.jpg 300w, https:\/\/blog.slow-mo.de\/wp-content\/uploads\/2015\/06\/IMG_20150620_204025.jpg 556w\" sizes=\"(max-width: 300px) 100vw, 300px\" \/><\/a><p id=\"caption-attachment-730\" class=\"wp-caption-text\">Ich hab auch Hunger&#8230;<\/p><\/div>\n<p>Nach einem herzlichen Willkommen und netten Gespr\u00e4chen begab man sich trotz K\u00e4lte, Wind und vereinzelter Wolken gut gelaunt zum Ritualkreis. Nachdem das Ritual er\u00f6ffnet war, trug eine der beiden Ritualleiterinnen ein kleines Gedicht vor, welches sehr gut zum doch f\u00fcr diese Jahreszeit ungew\u00f6hnlich kalten Wetter passte. Dann hielt die zweite Ritualleiterin eine kurze Rede. Die Inhalte der Vortr\u00e4ge waren tiefgr\u00fcndig, zugleich aber lebendig und froh. Selbst die Sonne, welche zumeist von den Wolken verdeckt wurde, lugte ab und an zu uns herab. Anschlie\u00dfend f\u00fchrten beide ein \u00e4u\u00dferst interessantes Zwiegespr\u00e4ch der G\u00f6tter Thor und Loki auf.<\/p>\n<div id=\"attachment_727\" style=\"width: 235px\" class=\"wp-caption aligncenter\"><a href=\"http:\/\/blog.slow-mo.de\/wp-content\/uploads\/2015\/06\/IMG_20150620_183831.jpg\"><img aria-describedby=\"caption-attachment-727\" loading=\"lazy\" class=\"size-medium wp-image-727\" src=\"http:\/\/blog.slow-mo.de\/wp-content\/uploads\/2015\/06\/IMG_20150620_183831-225x300.jpg\" alt=\"Altar\" width=\"225\" height=\"300\" srcset=\"https:\/\/blog.slow-mo.de\/wp-content\/uploads\/2015\/06\/IMG_20150620_183831-225x300.jpg 225w, https:\/\/blog.slow-mo.de\/wp-content\/uploads\/2015\/06\/IMG_20150620_183831.jpg 735w\" sizes=\"(max-width: 225px) 100vw, 225px\" \/><\/a><p id=\"caption-attachment-727\" class=\"wp-caption-text\">Altar<\/p><\/div>\n<div id=\"attachment_726\" style=\"width: 310px\" class=\"wp-caption aligncenter\"><a href=\"http:\/\/blog.slow-mo.de\/wp-content\/uploads\/2015\/06\/IMG_20150620_183737.jpg\"><img aria-describedby=\"caption-attachment-726\" loading=\"lazy\" class=\"size-medium wp-image-726\" src=\"http:\/\/blog.slow-mo.de\/wp-content\/uploads\/2015\/06\/IMG_20150620_183737-300x225.jpg\" alt=\"Opfergaben\" width=\"300\" height=\"225\" srcset=\"https:\/\/blog.slow-mo.de\/wp-content\/uploads\/2015\/06\/IMG_20150620_183737-300x225.jpg 300w, https:\/\/blog.slow-mo.de\/wp-content\/uploads\/2015\/06\/IMG_20150620_183737.jpg 980w\" sizes=\"(max-width: 300px) 100vw, 300px\" \/><\/a><p id=\"caption-attachment-726\" class=\"wp-caption-text\">Opfergaben<\/p><\/div>\n<p>F\u00fcr das anschlie\u00dfende Entz\u00fcnden des Ritaulfeuers hatten alle wegen des stark blasenden Windes Schwierigkeiten erwartet. Dennoch gelang es der Feuerwartin die Flammen z\u00fcgig zu entz\u00fcnden. Schnell loderte ein kraftvolles Feuerchen in der Steinmulde.<\/p>\n<p>Ritualleiterinnen? Feuerwartin? Wer jetzt denkt, die M\u00e4nner trugen nichts zum Ritual bei: weit gefehlt! Denn in den anschlie\u00dfenden Sumbelrunden, in denen wir der G\u00f6tter und der Ahnen gedachten sowie Dank und pers\u00f6nliche Anliegen aussprachen, taten sich auch die M\u00e4nner hervor. Auch das neuste Herdmitglied, zum ersten Mal bei einem Ritual zugegen, konnte frei und offen sprechen. In der anschlie\u00dfenden Runde wurden kleine, teils sehr pers\u00f6nliche Gaben als Dank und Opfer f\u00fcr die G\u00f6tter dem Feuer \u00fcbergeben.<\/p>\n<p>Zum Ende des Rituals durfte nat\u00fcrlich der fast schon obligate Mittsommer-Feuer-Sprung nicht fehlen. Nachdem einer den Anfang gemacht hatte, sprang fast jeder. Selbst ein momentan gehtechnisch etwas beeintr\u00e4chtigtes Herdmitglied wagte den Sprung. Und zwei Paare sprangen gemeinsam \u00fcbers Feuer. Sagt man diesem Sprung doch eine gesundheits- und liebesf\u00f6rdernde Kraft nach. M\u00f6ge sich dies f\u00fcr alle erf\u00fcllen.<\/p>\n<div id=\"attachment_729\" style=\"width: 235px\" class=\"wp-caption aligncenter\"><a href=\"http:\/\/blog.slow-mo.de\/wp-content\/uploads\/2015\/06\/IMG_20150620_204015.jpg\"><img aria-describedby=\"caption-attachment-729\" loading=\"lazy\" class=\"size-medium wp-image-729\" src=\"http:\/\/blog.slow-mo.de\/wp-content\/uploads\/2015\/06\/IMG_20150620_204015-225x300.jpg\" alt=\"Tisch und Torque \" width=\"225\" height=\"300\" srcset=\"https:\/\/blog.slow-mo.de\/wp-content\/uploads\/2015\/06\/IMG_20150620_204015-225x300.jpg 225w, https:\/\/blog.slow-mo.de\/wp-content\/uploads\/2015\/06\/IMG_20150620_204015.jpg 735w\" sizes=\"(max-width: 225px) 100vw, 225px\" \/><\/a><p id=\"caption-attachment-729\" class=\"wp-caption-text\">Tisch und Torque<\/p><\/div>\n<p>Nach Beendigung des Rituals fand man sich an der reich gedeckten Tafel ein. Der zwischenzeitlich eingetroffene Grillmeister, dem hier nochmals Dank gesagt sei, hatte bereits den Grill entz\u00fcndet. Und so wurde gemeinsam geplaudert, gespeist und gelacht bis in die D\u00e4mmerung hinein. Selbst Katze und Hund kamen nicht zu kurz.<\/p>\n<p>Erst als die Tafel geleert war und die M\u00fccken zu aufdringlich wurden, begab man sich wieder nach Hause.<\/p>\n<p>(von K.)<\/p>\n<p style=\"text-align: center;\">____________________________<\/p>\n<p>&nbsp;<\/p>\n<div id=\"attachment_731\" style=\"width: 235px\" class=\"wp-caption aligncenter\"><a href=\"http:\/\/blog.slow-mo.de\/wp-content\/uploads\/2015\/06\/IMG_20150621_004524.jpg\"><img aria-describedby=\"caption-attachment-731\" loading=\"lazy\" class=\"size-medium wp-image-731\" src=\"http:\/\/blog.slow-mo.de\/wp-content\/uploads\/2015\/06\/IMG_20150621_004524-225x300.jpg\" alt=\"Mittsommer\" width=\"225\" height=\"300\" srcset=\"https:\/\/blog.slow-mo.de\/wp-content\/uploads\/2015\/06\/IMG_20150621_004524-225x300.jpg 225w, https:\/\/blog.slow-mo.de\/wp-content\/uploads\/2015\/06\/IMG_20150621_004524.jpg 735w\" sizes=\"(max-width: 225px) 100vw, 225px\" \/><\/a><p id=\"caption-attachment-731\" class=\"wp-caption-text\">Mittsommer<\/p><\/div>\n<p><span id=\"messageContent\">Es scheint schon fast Tradition zu sein, dass es um die Zeit des Mittsommerfestes alles andere als sommerlich ist. Doch k\u00fchle Temperaturen, die eher an herbstliche Tage erinnern, begleiteten uns.<\/span><\/p>\n<p><span id=\"messageContent\">Es war der l\u00e4ngste Tag in diesem Jahr und als wir gegen 23 Uhr den Platz verlie\u00dfen war es immer noch nicht ganz dunkel. Mittsommer ist die Zeit des \u00dcberganges vom Wachstum zur Reife. Das was im Fr\u00fchjahr emporgewachsen ist und uns mit zartem Gr\u00fcn und bl\u00fchender Pracht erfreut hat, ist nun ausgewachsen. Jetzt werden aus Bl\u00fcten Fr\u00fcchte, aus zarten gr\u00fcnen St\u00e4ngeln wachsen pr\u00e4chtige goldene \u00a0\u00c4hren heran.<\/span><\/p>\n<div id=\"attachment_732\" style=\"width: 235px\" class=\"wp-caption aligncenter\"><a href=\"http:\/\/blog.slow-mo.de\/wp-content\/uploads\/2015\/06\/IMG-20150622-WA0002.jpg\"><img aria-describedby=\"caption-attachment-732\" loading=\"lazy\" class=\"size-medium wp-image-732\" src=\"http:\/\/blog.slow-mo.de\/wp-content\/uploads\/2015\/06\/IMG-20150622-WA0002-225x300.jpg\" alt=\"Altar\" width=\"225\" height=\"300\" srcset=\"https:\/\/blog.slow-mo.de\/wp-content\/uploads\/2015\/06\/IMG-20150622-WA0002-225x300.jpg 225w, https:\/\/blog.slow-mo.de\/wp-content\/uploads\/2015\/06\/IMG-20150622-WA0002-768x1024.jpg 768w, https:\/\/blog.slow-mo.de\/wp-content\/uploads\/2015\/06\/IMG-20150622-WA0002.jpg 774w\" sizes=\"(max-width: 225px) 100vw, 225px\" \/><\/a><p id=\"caption-attachment-732\" class=\"wp-caption-text\">Altar<\/p><\/div>\n<p><span id=\"messageContent\">Sommer ist zum einen die Zeit des tr\u00e4ge D\u00f6sens unter brennender Sonne, im Gras liegen, die warme Erde sp\u00fcren, die Kraft des Feuers, gespendet von Sunna, der Sonne, in sich aufnehmen. Den summenden Insekten lauschen, den warmen Sommerwind auf der Haut sp\u00fcren. Es ist die Zeit, wo wir der Natur besonders nah sein k\u00f6nnen, unsere Wurzeln wieder sp\u00fcren. Zum anderen ist es eine Zeit des kurzen Innehaltens. Die Saat wurde ausgebracht und gepflegt. Jetzt l\u00e4sst man \u201cdie Natur machen\u201d, die mit den Elementen Feuer, Wasser, Erde und Luft unsere Nahrung wachsen und gedeihen l\u00e4sst. Wir bereiten uns auf langsam auf das Erntefest im Herbst vor. <\/span><\/p>\n<p><span id=\"messageContent\">Es ist auch eine Zeit des Feierns und der F\u00fclle.Und doch mahnt uns der Mittsommertag, dass die Zeit der Dunkelheit wiederkehrt. Mittsommer ist der l\u00e4ngste Tag im Jahr, danach werden die Tage ganz allm\u00e4hlich wieder k\u00fcrzer.\u00a0 Auch wenn wenn wir es noch nicht deutlich sehen&#8230; Genie\u00dfen wir die warmen Tage (die hoffentlich bald kommen) und beobachten wir die Ver\u00e4nderungen in der Natur, freuen uns auf eine reiche Ernte, die wir dann mit dem Herbstfest feiern werden&#8230;<\/span><\/p>\n<p><span id=\"messageContent\">Dank auch unseren Freuden des Mindener Herdes, die durch ihre Teilnahme die Energie des Rituals verst\u00e4rkt und bereichert haben.Wir sehen uns beim Herbstfest!<br \/>\n<\/span><\/p>\n<p>(von Drea)<\/p>\n","protected":false},"excerpt":{"rendered":"<p>Am Samstag, den 20. Juni, trafen sich Mitglieder des Herdes Hannover, um gemeinsam mit G\u00e4sten ein Mittsommer-Ritual zu feiern. Zuerst schm\u00fcckten vier flei\u00dfige Frauen, den Platz und bereiteten das nach dem Ritual geplante gemeinsame Mahl vor. Dann trafen schon weitere &hellip; <a href=\"https:\/\/blog.slow-mo.de\/?p=724\">Weiterlesen <span class=\"meta-nav\">&rarr;<\/span><\/a><\/p>\n","protected":false},"author":1,"featured_media":0,"comment_status":"open","ping_status":"closed","sticky":false,"template":"","format":"standard","meta":[],"categories":[11],"tags":[],"_links":{"self":[{"href":"https:\/\/blog.slow-mo.de\/index.php?rest_route=\/wp\/v2\/posts\/724"}],"collection":[{"href":"https:\/\/blog.slow-mo.de\/index.php?rest_route=\/wp\/v2\/posts"}],"about":[{"href":"https:\/\/blog.slow-mo.de\/index.php?rest_route=\/wp\/v2\/types\/post"}],"author":[{"embeddable":true,"href":"https:\/\/blog.slow-mo.de\/index.php?rest_route=\/wp\/v2\/users\/1"}],"replies":[{"embeddable":true,"href":"https:\/\/blog.slow-mo.de\/index.php?rest_route=%2Fwp%2Fv2%2Fcomments&post=724"}],"version-history":[{"count":4,"href":"https:\/\/blog.slow-mo.de\/index.php?rest_route=\/wp\/v2\/posts\/724\/revisions"}],"predecessor-version":[{"id":738,"href":"https:\/\/blog.slow-mo.de\/index.php?rest_route=\/wp\/v2\/posts\/724\/revisions\/738"}],"wp:attachment":[{"href":"https:\/\/blog.slow-mo.de\/index.php?rest_route=%2Fwp%2Fv2%2Fmedia&parent=724"}],"wp:term":[{"taxonomy":"category","embeddable":true,"href":"https:\/\/blog.slow-mo.de\/index.php?rest_route=%2Fwp%2Fv2%2Fcategories&post=724"},{"taxonomy":"post_tag","embeddable":true,"href":"https:\/\/blog.slow-mo.de\/index.php?rest_route=%2Fwp%2Fv2%2Ftags&post=724"}],"curies":[{"name":"wp","href":"https:\/\/api.w.org\/{rel}","templated":true}]}}