{"id":695,"date":"2015-03-23T09:26:20","date_gmt":"2015-03-23T09:26:20","guid":{"rendered":"http:\/\/blog.slow-mo.de\/?p=695"},"modified":"2015-05-20T10:09:34","modified_gmt":"2015-05-20T10:09:34","slug":"ostara-2015","status":"publish","type":"post","link":"https:\/\/blog.slow-mo.de\/?p=695","title":{"rendered":"Ostara 2015"},"content":{"rendered":"<div>Am Samstag, den 21.3.2015 fand das Ostarafest auf dem Grundst\u00fcck des Herdes Aldsidu Honovere statt.<\/div>\n<div><\/div>\n<div><\/div>\n<div>Dieses Mal waren nicht nur\u00a0Mitglieder des Stammtisches Hannover anwesend, sondern auch geladene G\u00e4ste des \u201cbenachbarten\u201d und man darf sicher sagen, befreundeten,\u00a0 Eldaring-Herdes aus Minden.<\/div>\n<div><\/div>\n<div><\/div>\n<div>Der diesj\u00e4hrige Fr\u00fchling beginnt sehr kalt und regnerisch, nachdem es Tags zuvor eine Sonnenfinsternis mit \u00fcber 70 % Abdeckung durch den Neumond zu bestaunen gab.<\/div>\n<div><\/div>\n<div><\/div>\n<div>Sonnenfinsternis, Neumond, Tag- und Nachtgleiche\u2026eine energiegeladene Mischung.<\/div>\n<div><\/div>\n<div>\n<div id=\"attachment_700\" style=\"width: 310px\" class=\"wp-caption aligncenter\"><a href=\"http:\/\/blog.slow-mo.de\/wp-content\/uploads\/2015\/03\/2015-03-20_9838_Sonnenfinsternis_klein.jpg\"><img aria-describedby=\"caption-attachment-700\" loading=\"lazy\" class=\"size-medium wp-image-700\" src=\"http:\/\/blog.slow-mo.de\/wp-content\/uploads\/2015\/03\/2015-03-20_9838_Sonnenfinsternis_klein-300x200.jpg\" alt=\"Sonnenfinsternis vom Vortag\" width=\"300\" height=\"200\" srcset=\"https:\/\/blog.slow-mo.de\/wp-content\/uploads\/2015\/03\/2015-03-20_9838_Sonnenfinsternis_klein-300x200.jpg 300w, https:\/\/blog.slow-mo.de\/wp-content\/uploads\/2015\/03\/2015-03-20_9838_Sonnenfinsternis_klein-1024x683.jpg 1024w\" sizes=\"(max-width: 300px) 100vw, 300px\" \/><\/a><p id=\"caption-attachment-700\" class=\"wp-caption-text\">Sonnenfinsternis vom Vortag<\/p><\/div>\n<\/div>\n<div><\/div>\n<div><\/div>\n<div>Der Altar war geschm\u00fcckt mit typischen Symbolen f\u00fcr Ostara. Die Farbe gelb herrschte eindeutig vor. Auch pers\u00f6nliche Symbole, die f\u00fcr denjenigen ein Neubeginn f\u00fcr etwas darstellten, wurden dekoriert.<\/div>\n<div><\/div>\n<div>\n<div id=\"attachment_699\" style=\"width: 310px\" class=\"wp-caption aligncenter\"><a href=\"http:\/\/blog.slow-mo.de\/wp-content\/uploads\/2015\/03\/Altar.jpg\"><img aria-describedby=\"caption-attachment-699\" loading=\"lazy\" class=\"size-medium wp-image-699\" src=\"http:\/\/blog.slow-mo.de\/wp-content\/uploads\/2015\/03\/Altar-300x200.jpg\" alt=\"Ostara-Altar 2015\" width=\"300\" height=\"200\" srcset=\"https:\/\/blog.slow-mo.de\/wp-content\/uploads\/2015\/03\/Altar-300x200.jpg 300w, https:\/\/blog.slow-mo.de\/wp-content\/uploads\/2015\/03\/Altar-1024x683.jpg 1024w, https:\/\/blog.slow-mo.de\/wp-content\/uploads\/2015\/03\/Altar.jpg 1280w\" sizes=\"(max-width: 300px) 100vw, 300px\" \/><\/a><p id=\"caption-attachment-699\" class=\"wp-caption-text\">Ostara-Altar 2015<\/p><\/div>\n<div id=\"attachment_698\" style=\"width: 310px\" class=\"wp-caption aligncenter\"><a href=\"http:\/\/blog.slow-mo.de\/wp-content\/uploads\/2015\/03\/Altar_Detail.jpg\"><img aria-describedby=\"caption-attachment-698\" loading=\"lazy\" class=\"size-medium wp-image-698\" src=\"http:\/\/blog.slow-mo.de\/wp-content\/uploads\/2015\/03\/Altar_Detail-300x200.jpg\" alt=\"Altar Details\" width=\"300\" height=\"200\" srcset=\"https:\/\/blog.slow-mo.de\/wp-content\/uploads\/2015\/03\/Altar_Detail-300x200.jpg 300w, https:\/\/blog.slow-mo.de\/wp-content\/uploads\/2015\/03\/Altar_Detail-1024x683.jpg 1024w, https:\/\/blog.slow-mo.de\/wp-content\/uploads\/2015\/03\/Altar_Detail.jpg 1280w\" sizes=\"(max-width: 300px) 100vw, 300px\" \/><\/a><p id=\"caption-attachment-698\" class=\"wp-caption-text\">Altar Details<\/p><\/div>\n<\/div>\n<div><\/div>\n<div>Die G\u00f6tter sorgten f\u00fcr trockenes Wetter, damit das Zunten (Entz\u00fcnden des Ritualfeuers) erfolgreich war. Doch kurz darauf fing es an zu regnen und w\u00e4hrend der Sumbelrunden, die wegen der zahlreichen Mitglieder ziemlich lang ausfielen diesmal, h\u00f6rte es auch nicht mehr auf. Der Regen war zwar k\u00fchl, doch passend f\u00fcr dieses Fest, denn er bringt uns Fruchtbarkeit und l\u00e4sst die ausgebrachten Samen aufgehen.<\/div>\n<div><\/div>\n<div>\n<div id=\"attachment_697\" style=\"width: 310px\" class=\"wp-caption aligncenter\"><a href=\"http:\/\/blog.slow-mo.de\/wp-content\/uploads\/2015\/03\/Feuer.jpg\"><img aria-describedby=\"caption-attachment-697\" loading=\"lazy\" class=\"size-medium wp-image-697\" src=\"http:\/\/blog.slow-mo.de\/wp-content\/uploads\/2015\/03\/Feuer-300x200.jpg\" alt=\"Opferfeuer\" width=\"300\" height=\"200\" srcset=\"https:\/\/blog.slow-mo.de\/wp-content\/uploads\/2015\/03\/Feuer-300x200.jpg 300w, https:\/\/blog.slow-mo.de\/wp-content\/uploads\/2015\/03\/Feuer.jpg 1024w\" sizes=\"(max-width: 300px) 100vw, 300px\" \/><\/a><p id=\"caption-attachment-697\" class=\"wp-caption-text\">Opferfeuer<\/p><\/div>\n<\/div>\n<div><\/div>\n<div>In dieser Zeit wird nicht nur von den Landwirten und G\u00e4rtnern der Samen in die Erde gebracht. Es ist auch generell\u00a0eine gute Zeit f\u00fcr Neubeginn. Das,\u00a0 was den dunklen Winter \u00fcber in der Erde und in uns selbst an Ideen und Pl\u00e4nen ruhte und sich zu Imbolc (Anfang Februar) bereit machte, ans Licht zu streben, kann jetzt endlich starten.<\/div>\n<div>Bald wird die Sonne an Kraft gewinnen und die Erde und uns w\u00e4rmen.<\/div>\n<div><\/div>\n<div><\/div>\n<div>M\u00f6gen Felder und B\u00e4ume frische, gute Nahrung hervorbringen und m\u00f6gen unsere Ideen, W\u00fcnsche und Projekte reifen und uns zum Wohle gedeihen.<\/div>\n<div><\/div>\n<div>\n<div id=\"attachment_696\" style=\"width: 235px\" class=\"wp-caption aligncenter\"><a href=\"http:\/\/blog.slow-mo.de\/wp-content\/uploads\/2015\/03\/Essen.jpg\"><img aria-describedby=\"caption-attachment-696\" loading=\"lazy\" class=\"size-medium wp-image-696\" src=\"http:\/\/blog.slow-mo.de\/wp-content\/uploads\/2015\/03\/Essen-225x300.jpg\" alt=\"reich gedeckter Tisch\" width=\"225\" height=\"300\" srcset=\"https:\/\/blog.slow-mo.de\/wp-content\/uploads\/2015\/03\/Essen-225x300.jpg 225w, https:\/\/blog.slow-mo.de\/wp-content\/uploads\/2015\/03\/Essen.jpg 735w\" sizes=\"(max-width: 225px) 100vw, 225px\" \/><\/a><p id=\"caption-attachment-696\" class=\"wp-caption-text\">reich gedeckter Tisch<\/p><\/div>\n<\/div>\n<div><\/div>\n<div>Nach Dem Ritual fanden wir uns unter dem\u00a0sch\u00fctzendem Regendach ein, welches Mitglieder unseres Herdes mitgebracht und aufgestellt hatten. Dickes DANKE nochmal daf\u00fcr!!<\/div>\n<div><\/div>\n<div><\/div>\n<div>Auch wenn die Sonne sich zaghaft wieder blicken lie\u00df, so war es doch feucht und k\u00fchl. Doch dank des sch\u00fctzenden Segels \u00fcber uns und der warmen Felle unter uns (auch daf\u00fcr Dankesch\u00f6n!!) hielten wir alles es noch recht lange aus an liebevoll dekoriertem und reich gedecktem Tisch.<\/div>\n<div><\/div>\n<div><\/div>\n<div>Unseren G\u00e4sten schien es auch zu gefallen und wir verbrachten einen geselligen, tollen Nachmittag. Der Winter hatte noch ein bi\u00dfchen Restk\u00e4lte zur\u00fcckgelassen, doch das st\u00f6rte uns wenig. Erst als die Sonne schon sehr tief stand, l\u00f6ste sich die Runde langsam auf.<\/div>\n<div><\/div>\n<div><\/div>\n<div>Bis zum n\u00e4chsten Mal\u2026..<\/div>\n<div><\/div>\n<div><\/div>\n<div>von Drea<\/div>\n<div data-signatureblock=\"true\"><\/div>\n<p>&nbsp;<\/p>\n","protected":false},"excerpt":{"rendered":"<p>Am Samstag, den 21.3.2015 fand das Ostarafest auf dem Grundst\u00fcck des Herdes Aldsidu Honovere statt. Dieses Mal waren nicht nur\u00a0Mitglieder des Stammtisches Hannover anwesend, sondern auch geladene G\u00e4ste des \u201cbenachbarten\u201d und man darf sicher sagen, befreundeten,\u00a0 Eldaring-Herdes aus Minden. Der &hellip; <a href=\"https:\/\/blog.slow-mo.de\/?p=695\">Weiterlesen <span class=\"meta-nav\">&rarr;<\/span><\/a><\/p>\n","protected":false},"author":1,"featured_media":0,"comment_status":"open","ping_status":"closed","sticky":false,"template":"","format":"standard","meta":[],"categories":[11],"tags":[],"_links":{"self":[{"href":"https:\/\/blog.slow-mo.de\/index.php?rest_route=\/wp\/v2\/posts\/695"}],"collection":[{"href":"https:\/\/blog.slow-mo.de\/index.php?rest_route=\/wp\/v2\/posts"}],"about":[{"href":"https:\/\/blog.slow-mo.de\/index.php?rest_route=\/wp\/v2\/types\/post"}],"author":[{"embeddable":true,"href":"https:\/\/blog.slow-mo.de\/index.php?rest_route=\/wp\/v2\/users\/1"}],"replies":[{"embeddable":true,"href":"https:\/\/blog.slow-mo.de\/index.php?rest_route=%2Fwp%2Fv2%2Fcomments&post=695"}],"version-history":[{"count":4,"href":"https:\/\/blog.slow-mo.de\/index.php?rest_route=\/wp\/v2\/posts\/695\/revisions"}],"predecessor-version":[{"id":704,"href":"https:\/\/blog.slow-mo.de\/index.php?rest_route=\/wp\/v2\/posts\/695\/revisions\/704"}],"wp:attachment":[{"href":"https:\/\/blog.slow-mo.de\/index.php?rest_route=%2Fwp%2Fv2%2Fmedia&parent=695"}],"wp:term":[{"taxonomy":"category","embeddable":true,"href":"https:\/\/blog.slow-mo.de\/index.php?rest_route=%2Fwp%2Fv2%2Fcategories&post=695"},{"taxonomy":"post_tag","embeddable":true,"href":"https:\/\/blog.slow-mo.de\/index.php?rest_route=%2Fwp%2Fv2%2Ftags&post=695"}],"curies":[{"name":"wp","href":"https:\/\/api.w.org\/{rel}","templated":true}]}}