{"id":667,"date":"2015-02-16T08:34:49","date_gmt":"2015-02-16T08:34:49","guid":{"rendered":"http:\/\/blog.slow-mo.de\/?p=667"},"modified":"2015-03-23T09:16:46","modified_gmt":"2015-03-23T09:16:46","slug":"ritual-am-14-02-2015","status":"publish","type":"post","link":"https:\/\/blog.slow-mo.de\/?p=667","title":{"rendered":"Ritual am 14.02.2015"},"content":{"rendered":"<p><span id=\"messageContent\">Am 14.2.2015 trafen wir uns auf dem Herdgrundst\u00fcck, um das wiederkehrende Licht zu\u00a0 feiern.<\/span><\/p>\n<div id=\"attachment_668\" style=\"width: 310px\" class=\"wp-caption aligncenter\"><a href=\"http:\/\/blog.slow-mo.de\/wp-content\/uploads\/2015\/02\/2015-02-14_9478_Ritual_Hannover_klein.jpg\"><img aria-describedby=\"caption-attachment-668\" loading=\"lazy\" class=\"size-medium wp-image-668\" src=\"http:\/\/blog.slow-mo.de\/wp-content\/uploads\/2015\/02\/2015-02-14_9478_Ritual_Hannover_klein-300x200.jpg\" alt=\"Altar \" width=\"300\" height=\"200\" srcset=\"https:\/\/blog.slow-mo.de\/wp-content\/uploads\/2015\/02\/2015-02-14_9478_Ritual_Hannover_klein-300x200.jpg 300w, https:\/\/blog.slow-mo.de\/wp-content\/uploads\/2015\/02\/2015-02-14_9478_Ritual_Hannover_klein-1024x683.jpg 1024w, https:\/\/blog.slow-mo.de\/wp-content\/uploads\/2015\/02\/2015-02-14_9478_Ritual_Hannover_klein.jpg 1280w\" sizes=\"(max-width: 300px) 100vw, 300px\" \/><\/a><p id=\"caption-attachment-668\" class=\"wp-caption-text\">Altar<\/p><\/div>\n<p>Und es war hell. Und warm. Entgegen der Wettervorhersage verw\u00f6hnte uns die Sonne mit viel Licht und W\u00e4rme. Sogar die M\u00fccken tanzten schon, was schon fast an tanzende Elfen\u00a0 erinnerte. Dabei waren alle warm angezogen&#8230;.<\/p>\n<div id=\"attachment_671\" style=\"width: 310px\" class=\"wp-caption aligncenter\"><a href=\"http:\/\/blog.slow-mo.de\/wp-content\/uploads\/2015\/02\/DSC_9044_Muecken1.jpg\"><img aria-describedby=\"caption-attachment-671\" loading=\"lazy\" class=\"size-medium wp-image-671\" src=\"http:\/\/blog.slow-mo.de\/wp-content\/uploads\/2015\/02\/DSC_9044_Muecken1-300x276.jpg\" alt=\"Elfen? \" width=\"300\" height=\"276\" srcset=\"https:\/\/blog.slow-mo.de\/wp-content\/uploads\/2015\/02\/DSC_9044_Muecken1-300x276.jpg 300w, https:\/\/blog.slow-mo.de\/wp-content\/uploads\/2015\/02\/DSC_9044_Muecken1.jpg 784w\" sizes=\"(max-width: 300px) 100vw, 300px\" \/><\/a><p id=\"caption-attachment-671\" class=\"wp-caption-text\">Elfen?<\/p><\/div>\n<p>Etwas st\u00f6rend war das Motors\u00e4genger\u00e4usch von einem Nachbargrundst\u00fcck, aber man kann ja nicht immer alles haben. Daf\u00fcr waren V\u00f6gel um und mit uns.<\/p>\n<p>Der Altar war wieder einmal zu klein f\u00fcr den Schmuck. Die zu Beginn der dunklen Jahreszeit angez\u00fcndete schwarze Kerze wurde gel\u00f6scht und die wei\u00dfe entz\u00fcndet &#8211; Symbol daf\u00fcr, da\u00df die dunkle Zeit endet und es wieder heller wird.<\/p>\n<div id=\"attachment_673\" style=\"width: 210px\" class=\"wp-caption aligncenter\"><a href=\"http:\/\/blog.slow-mo.de\/wp-content\/uploads\/2015\/02\/2015-02-14_9479_Ritual_Hannover_klein.jpg\"><img aria-describedby=\"caption-attachment-673\" loading=\"lazy\" class=\"size-medium wp-image-673\" src=\"http:\/\/blog.slow-mo.de\/wp-content\/uploads\/2015\/02\/2015-02-14_9479_Ritual_Hannover_klein-200x300.jpg\" alt=\"Altar Detail\" width=\"200\" height=\"300\" srcset=\"https:\/\/blog.slow-mo.de\/wp-content\/uploads\/2015\/02\/2015-02-14_9479_Ritual_Hannover_klein-200x300.jpg 200w, https:\/\/blog.slow-mo.de\/wp-content\/uploads\/2015\/02\/2015-02-14_9479_Ritual_Hannover_klein-683x1024.jpg 683w, https:\/\/blog.slow-mo.de\/wp-content\/uploads\/2015\/02\/2015-02-14_9479_Ritual_Hannover_klein.jpg 854w\" sizes=\"(max-width: 200px) 100vw, 200px\" \/><\/a><p id=\"caption-attachment-673\" class=\"wp-caption-text\">Altar Detail<\/p><\/div>\n<div id=\"attachment_669\" style=\"width: 310px\" class=\"wp-caption aligncenter\"><a href=\"http:\/\/blog.slow-mo.de\/wp-content\/uploads\/2015\/02\/2015-02-14_9482_Ritual_Hannover_klein.jpg\"><img aria-describedby=\"caption-attachment-669\" loading=\"lazy\" class=\"size-medium wp-image-669\" src=\"http:\/\/blog.slow-mo.de\/wp-content\/uploads\/2015\/02\/2015-02-14_9482_Ritual_Hannover_klein-300x200.jpg\" alt=\"Altar Detail\" width=\"300\" height=\"200\" srcset=\"https:\/\/blog.slow-mo.de\/wp-content\/uploads\/2015\/02\/2015-02-14_9482_Ritual_Hannover_klein-300x200.jpg 300w, https:\/\/blog.slow-mo.de\/wp-content\/uploads\/2015\/02\/2015-02-14_9482_Ritual_Hannover_klein-1024x683.jpg 1024w, https:\/\/blog.slow-mo.de\/wp-content\/uploads\/2015\/02\/2015-02-14_9482_Ritual_Hannover_klein.jpg 1280w\" sizes=\"(max-width: 300px) 100vw, 300px\" \/><\/a><p id=\"caption-attachment-669\" class=\"wp-caption-text\">Altar Detail<\/p><\/div>\n<p>Ein Teilnehmer hatte aus gegebenem Anla\u00df einen kleinen Runenstein mitgebracht. Die (altnordische) Inschrift stammt aus dem Havamal und lautet:<\/p>\n<p style=\"text-align: center;\"><span style=\"color: #cc99ff;\"><em>Vieh stirbt, Freunde sterben,<\/em><\/span><br \/>\n<span style=\"color: #cc99ff;\"><em> endlich stirbt man selbst.<\/em><\/span><br \/>\n<span style=\"color: #cc99ff;\"><em> Doch eines wei\u00df ich, das ewig bleibt:<\/em><\/span><br \/>\n<span style=\"color: #cc99ff;\"><em> Des Toten Tatenruhm.<\/em><\/span><\/p>\n<h6 style=\"text-align: center;\">(\u00dcbersetzung in Anlehnung an Simrock und Genzmer)<\/h6>\n<div id=\"attachment_674\" style=\"width: 210px\" class=\"wp-caption aligncenter\"><a href=\"http:\/\/blog.slow-mo.de\/wp-content\/uploads\/2015\/02\/2015-02-14_9480_Ritual_Hannover_klein.jpg\"><img aria-describedby=\"caption-attachment-674\" loading=\"lazy\" class=\"size-medium wp-image-674\" src=\"http:\/\/blog.slow-mo.de\/wp-content\/uploads\/2015\/02\/2015-02-14_9480_Ritual_Hannover_klein-200x300.jpg\" alt=\"Runenstein\" width=\"200\" height=\"300\" srcset=\"https:\/\/blog.slow-mo.de\/wp-content\/uploads\/2015\/02\/2015-02-14_9480_Ritual_Hannover_klein-200x300.jpg 200w, https:\/\/blog.slow-mo.de\/wp-content\/uploads\/2015\/02\/2015-02-14_9480_Ritual_Hannover_klein-683x1024.jpg 683w, https:\/\/blog.slow-mo.de\/wp-content\/uploads\/2015\/02\/2015-02-14_9480_Ritual_Hannover_klein.jpg 854w\" sizes=\"(max-width: 200px) 100vw, 200px\" \/><\/a><p id=\"caption-attachment-674\" class=\"wp-caption-text\">Runenstein<\/p><\/div>\n<p>Die Ritualleiterin begann das Ritual mit einem sch\u00f6nen Gedicht.<\/p>\n<p id=\"gd\" title=\"Fr\u00fchlingsgedichte\"><em><span style=\"color: #339966;\">Sehnsucht nach dem Fr\u00fchling<\/span><\/em><\/p>\n<h5><em><span style=\"color: #339966;\">O, wie ist es kalt geworden<\/span><\/em><br \/>\n<em><span style=\"color: #339966;\"> Und so traurig, \u00f6d&#8216; und leer!<\/span><\/em><br \/>\n<em><span style=\"color: #339966;\"> Raue Winde weh&#8217;n von Norden<\/span><\/em><br \/>\n<em><span style=\"color: #339966;\"> Und die Sonne scheint nicht mehr.<\/span><\/em><\/h5>\n<h5><em><span style=\"color: #339966;\">Auf die Berge m\u00f6cht&#8216; ich fliegen,<\/span><\/em><br \/>\n<em><span style=\"color: #339966;\"> M\u00f6chte seh&#8217;n ein gr\u00fcnes Tal,<\/span><\/em><br \/>\n<em><span style=\"color: #339966;\"> M\u00f6cht&#8216; in Gras und Blumen liegen<\/span><\/em><br \/>\n<em><span style=\"color: #339966;\"> Und mich freu&#8217;n am Sonnenstrahl;<\/span><\/em><\/h5>\n<h5><em><span style=\"color: #339966;\">M\u00f6chte h\u00f6ren die Schalmeien<\/span><\/em><br \/>\n<em><span style=\"color: #339966;\"> Und der Herden Glockenklang,<\/span><\/em><br \/>\n<em><span style=\"color: #339966;\"> M\u00f6chte freuen mich im Freien<\/span><\/em><br \/>\n<em><span style=\"color: #339966;\"> An der V\u00f6gel s\u00fc\u00dfem Sang.<\/span><\/em><\/h5>\n<h5><em><span style=\"color: #339966;\">Sch\u00f6ner Fr\u00fchling, komm doch wieder,<\/span><\/em><br \/>\n<em><span style=\"color: #339966;\"> Lieber Fr\u00fchling, komm doch bald,<\/span><\/em><br \/>\n<em><span style=\"color: #339966;\"> Bring&#8216; uns Blumen, Laub und Lieder,<\/span><\/em><br \/>\n<em><span style=\"color: #339966;\"> Schm\u00fccke wieder Feld und Wald!<\/span><\/em><\/h5>\n<h5><em><span style=\"color: #339966;\">Ja, du bist uns treu geblieben,<\/span><\/em><br \/>\n<em><span style=\"color: #339966;\"> Kommst nun bald in Pracht und Glanz,<\/span><\/em><br \/>\n<em><span style=\"color: #339966;\"> Bringst nun bald all deinen Lieben<\/span><\/em><br \/>\n<em><span style=\"color: #339966;\"> Sang und Freude, Spiel und Tanz.<\/span><\/em><\/h5>\n<div class=\"autor\">(August Heinrich Hoffmann von Fallersleben)<\/div>\n<p>&nbsp;<\/p>\n<p>Wir sprachen reihum Gebete an verschiedene G\u00f6tter, die im Losverfahren ausgew\u00e4hlt wurden.<\/p>\n<p>Die Zeit des beginnenden Lichts ist die Zeit des Neubeginns und der richtige Termin, etwas neues anzufangen.<\/p>\n<p>Auch in den Sumbelrunden kam vielfach zur Sprache, da\u00df die &#8222;dunkle Zeit&#8220; nicht nur tats\u00e4chlich, sondern auch im \u00fcbertragenen Sinne dunkel war. Bei vielen hat sich in den letzten Wochen wieder etwas ge\u00e4ndert, und die erfreulichen Aspekte des Lebens erhalten wieder die Oberhand.<\/p>\n<p>In diesem Zusammenhang sei auf den <a href=\"http:\/\/blog.slow-mo.de\/?p=621\">Ritualbericht vom November<\/a>, also zum Beginn der\u00a0 dunklen Jahreszeit verwiesen.<\/p>\n<p>Anschlie\u00dfend wurden die Opfergaben in das kleine Feuer gegeben, damit sie ihre Wirkung entfalten k\u00f6nnen.<\/p>\n<div id=\"attachment_672\" style=\"width: 310px\" class=\"wp-caption aligncenter\"><a href=\"http:\/\/blog.slow-mo.de\/wp-content\/uploads\/2015\/02\/DSC_9050_Halb_und_halb.jpg\"><img aria-describedby=\"caption-attachment-672\" loading=\"lazy\" class=\"size-medium wp-image-672\" src=\"http:\/\/blog.slow-mo.de\/wp-content\/uploads\/2015\/02\/DSC_9050_Halb_und_halb-300x200.jpg\" alt=\"Spiegelungen im Teich\" width=\"300\" height=\"200\" srcset=\"https:\/\/blog.slow-mo.de\/wp-content\/uploads\/2015\/02\/DSC_9050_Halb_und_halb-300x200.jpg 300w, https:\/\/blog.slow-mo.de\/wp-content\/uploads\/2015\/02\/DSC_9050_Halb_und_halb.jpg 800w\" sizes=\"(max-width: 300px) 100vw, 300px\" \/><\/a><p id=\"caption-attachment-672\" class=\"wp-caption-text\">Spiegelungen im Teich<\/p><\/div>\n<div id=\"attachment_670\" style=\"width: 310px\" class=\"wp-caption aligncenter\"><a href=\"http:\/\/blog.slow-mo.de\/wp-content\/uploads\/2015\/02\/2015-02-14_9498_Ritual_Hannover_klein.jpg\"><img aria-describedby=\"caption-attachment-670\" loading=\"lazy\" class=\"size-medium wp-image-670\" src=\"http:\/\/blog.slow-mo.de\/wp-content\/uploads\/2015\/02\/2015-02-14_9498_Ritual_Hannover_klein-300x200.jpg\" alt=\"H\u00fchnergott\" width=\"300\" height=\"200\" srcset=\"https:\/\/blog.slow-mo.de\/wp-content\/uploads\/2015\/02\/2015-02-14_9498_Ritual_Hannover_klein-300x200.jpg 300w, https:\/\/blog.slow-mo.de\/wp-content\/uploads\/2015\/02\/2015-02-14_9498_Ritual_Hannover_klein-1024x683.jpg 1024w, https:\/\/blog.slow-mo.de\/wp-content\/uploads\/2015\/02\/2015-02-14_9498_Ritual_Hannover_klein.jpg 1280w\" sizes=\"(max-width: 300px) 100vw, 300px\" \/><\/a><p id=\"caption-attachment-670\" class=\"wp-caption-text\">H\u00fchnergott<\/p><\/div>\n<p>Zum Ausklang trafen wir uns noch bei einem Herdmitglied.<\/p>\n<p>Von Thorulf<\/p>\n","protected":false},"excerpt":{"rendered":"<p>Am 14.2.2015 trafen wir uns auf dem Herdgrundst\u00fcck, um das wiederkehrende Licht zu\u00a0 feiern. Und es war hell. Und warm. Entgegen der Wettervorhersage verw\u00f6hnte uns die Sonne mit viel Licht und W\u00e4rme. Sogar die M\u00fccken tanzten schon, was schon fast &hellip; <a href=\"https:\/\/blog.slow-mo.de\/?p=667\">Weiterlesen <span class=\"meta-nav\">&rarr;<\/span><\/a><\/p>\n","protected":false},"author":1,"featured_media":0,"comment_status":"open","ping_status":"closed","sticky":false,"template":"","format":"standard","meta":[],"categories":[11],"tags":[],"_links":{"self":[{"href":"https:\/\/blog.slow-mo.de\/index.php?rest_route=\/wp\/v2\/posts\/667"}],"collection":[{"href":"https:\/\/blog.slow-mo.de\/index.php?rest_route=\/wp\/v2\/posts"}],"about":[{"href":"https:\/\/blog.slow-mo.de\/index.php?rest_route=\/wp\/v2\/types\/post"}],"author":[{"embeddable":true,"href":"https:\/\/blog.slow-mo.de\/index.php?rest_route=\/wp\/v2\/users\/1"}],"replies":[{"embeddable":true,"href":"https:\/\/blog.slow-mo.de\/index.php?rest_route=%2Fwp%2Fv2%2Fcomments&post=667"}],"version-history":[{"count":2,"href":"https:\/\/blog.slow-mo.de\/index.php?rest_route=\/wp\/v2\/posts\/667\/revisions"}],"predecessor-version":[{"id":676,"href":"https:\/\/blog.slow-mo.de\/index.php?rest_route=\/wp\/v2\/posts\/667\/revisions\/676"}],"wp:attachment":[{"href":"https:\/\/blog.slow-mo.de\/index.php?rest_route=%2Fwp%2Fv2%2Fmedia&parent=667"}],"wp:term":[{"taxonomy":"category","embeddable":true,"href":"https:\/\/blog.slow-mo.de\/index.php?rest_route=%2Fwp%2Fv2%2Fcategories&post=667"},{"taxonomy":"post_tag","embeddable":true,"href":"https:\/\/blog.slow-mo.de\/index.php?rest_route=%2Fwp%2Fv2%2Ftags&post=667"}],"curies":[{"name":"wp","href":"https:\/\/api.w.org\/{rel}","templated":true}]}}