{"id":659,"date":"2015-01-05T08:00:47","date_gmt":"2015-01-05T08:00:47","guid":{"rendered":"http:\/\/blog.slow-mo.de\/?p=659"},"modified":"2015-02-16T08:35:08","modified_gmt":"2015-02-16T08:35:08","slug":"ritual-januar-2015-die-raunaechte","status":"publish","type":"post","link":"https:\/\/blog.slow-mo.de\/?p=659","title":{"rendered":"Ritual Januar 2015 &#8211; die Raun\u00e4chte"},"content":{"rendered":"<p>Am 3.1.2015 traf sich der Stammtisch Hannover zum ersten Ritual des Kalenderjahres 2015.<\/p>\n<div id=\"attachment_649\" style=\"width: 235px\" class=\"wp-caption aligncenter\"><a href=\"http:\/\/blog.slow-mo.de\/wp-content\/uploads\/2015\/01\/Altar.jpg\"><img aria-describedby=\"caption-attachment-649\" loading=\"lazy\" class=\"size-medium wp-image-649\" src=\"http:\/\/blog.slow-mo.de\/wp-content\/uploads\/2015\/01\/Altar-225x300.jpg\" alt=\"Altar\" width=\"225\" height=\"300\" srcset=\"https:\/\/blog.slow-mo.de\/wp-content\/uploads\/2015\/01\/Altar-225x300.jpg 225w, https:\/\/blog.slow-mo.de\/wp-content\/uploads\/2015\/01\/Altar.jpg 735w\" sizes=\"(max-width: 225px) 100vw, 225px\" \/><\/a><p id=\"caption-attachment-649\" class=\"wp-caption-text\">Altar<\/p><\/div>\n<p>&nbsp;<\/p>\n<p>Das Thema: <strong>\u201cRau(h)n\u00e4chte\u201d<\/strong> &#8211; Woran denkt man da?<\/p>\n<p>An geheimnisvolle N\u00e4chte, in denen magische Dinge geschehen sollen\u2026ja sogar Tiere sollen angeblich sprechen in diesen N\u00e4chten\u2026<\/p>\n<p>Allerlei wilde Gesellen ziehen durch die Nacht. Je nach Region ist es die\u00a0\u201cwilde Jagd\u201d,\u00a0\u201cWotans Heer\u201d,\u00a0\u201cdie w\u00fctenden Seelen\u201d oder\u00a0\u201cdie Perchten\u201d.<\/p>\n<p>&nbsp;<\/p>\n<p>So mancher f\u00fcrchtet diese wilden Energien, doch wenn man dieser Zeit mit Aufmerksamkeit und Respekt begegnet, dann gibt es keinen Grund zur Furcht.<\/p>\n<p>Jetzt werden alte verbrauchte Energien durch die\u00a0\u201cwilde Jagd\u201d hinweggefegt und man sollte aufmerksam sein und sich diesen Energien besser nicht in den Weg stellen.<\/p>\n<p>Wenn man beispielsweise sp\u00fcrt, dass sich in einer Gruppe negative Energien und Aggressivit\u00e4t ansammeln, ist es besser, sich aus der Gefahrenzone zu bringen. Ein Streit k\u00f6nnte jetzt besonders zerst\u00f6rerisch wirken.<\/p>\n<p>Astronomisch gesehen fand unser Ritual am Ende der Raun\u00e4chte steht. In der alten Tradition beginnt die Zeit mit der Wintersonnenwende, sie l\u00f6st sozusagen die besinnliche Julzeit ab.<\/p>\n<p>Die Energien der Raun\u00e4chte sind jedoch noch aktiv, denn in der christlichen Tradition endet die Zeit mit dem 6. Januar. Die energetischen Grenzen sind also etwas verwischt.<\/p>\n<p>&nbsp;<\/p>\n<p>Passend zum Thema war auch das Wetter. Wie fast\u00a0immer waren wir vom Regen verschont. Daf\u00fcr lie\u00df uns die Natur die wilde Jagd sp\u00fcren. Es war st\u00fcrmisch.<\/p>\n<p>Der Wind fegte heftig durch die B\u00e4ume und entfachte schnell das Herdfeuer, welches diesmal auch wild war und Funken schleuderte.<\/p>\n<div id=\"attachment_656\" style=\"width: 235px\" class=\"wp-caption aligncenter\"><a href=\"http:\/\/blog.slow-mo.de\/wp-content\/uploads\/2015\/01\/Sturm.jpg\"><img aria-describedby=\"caption-attachment-656\" loading=\"lazy\" class=\"size-medium wp-image-656\" src=\"http:\/\/blog.slow-mo.de\/wp-content\/uploads\/2015\/01\/Sturm-225x300.jpg\" alt=\"Sturm \" width=\"225\" height=\"300\" srcset=\"https:\/\/blog.slow-mo.de\/wp-content\/uploads\/2015\/01\/Sturm-225x300.jpg 225w, https:\/\/blog.slow-mo.de\/wp-content\/uploads\/2015\/01\/Sturm.jpg 490w\" sizes=\"(max-width: 225px) 100vw, 225px\" \/><\/a><p id=\"caption-attachment-656\" class=\"wp-caption-text\">Sturm<\/p><\/div>\n<p>Zu Beginn des Rituals sprangen zwei maskierte\u00a0\u201cPerchten\u201d (die Ritualleiterin und ein weiteres Herdmitglied) kreischend und besenschwingend in den Kreis. Jeder der Mitglieder wurde mit dem Besen abgeklopft, um negative, schwere Energien zu entfernen.<\/p>\n<p>&nbsp;<\/p>\n<div id=\"attachment_654\" style=\"width: 235px\" class=\"wp-caption aligncenter\"><a href=\"http:\/\/blog.slow-mo.de\/wp-content\/uploads\/2015\/01\/Perchten2.jpg\"><img aria-describedby=\"caption-attachment-654\" loading=\"lazy\" class=\"wp-image-654 size-medium\" src=\"http:\/\/blog.slow-mo.de\/wp-content\/uploads\/2015\/01\/Perchten2-225x300.jpg\" alt=\"Die Perchten \" width=\"225\" height=\"300\" srcset=\"https:\/\/blog.slow-mo.de\/wp-content\/uploads\/2015\/01\/Perchten2-225x300.jpg 225w, https:\/\/blog.slow-mo.de\/wp-content\/uploads\/2015\/01\/Perchten2.jpg 735w\" sizes=\"(max-width: 225px) 100vw, 225px\" \/><\/a><p id=\"caption-attachment-654\" class=\"wp-caption-text\">Die Perchten<\/p><\/div>\n<div id=\"attachment_653\" style=\"width: 235px\" class=\"wp-caption aligncenter\"><a href=\"http:\/\/blog.slow-mo.de\/wp-content\/uploads\/2015\/01\/Perchten.jpg\"><img aria-describedby=\"caption-attachment-653\" loading=\"lazy\" class=\"size-medium wp-image-653\" src=\"http:\/\/blog.slow-mo.de\/wp-content\/uploads\/2015\/01\/Perchten-225x300.jpg\" alt=\"Habt Acht, die Perchten kommen\" width=\"225\" height=\"300\" srcset=\"https:\/\/blog.slow-mo.de\/wp-content\/uploads\/2015\/01\/Perchten-225x300.jpg 225w, https:\/\/blog.slow-mo.de\/wp-content\/uploads\/2015\/01\/Perchten.jpg 735w\" sizes=\"(max-width: 225px) 100vw, 225px\" \/><\/a><p id=\"caption-attachment-653\" class=\"wp-caption-text\">Habt Acht, die Perchten kommen<\/p><\/div>\n<p>Der Sturm reinigte unsere Aura, so dass wir das Gef\u00fchl bekamen, so richtig durchgepustet, gel\u00fcftet und gereinigt zu werden. Das war herrlich!<\/p>\n<p>Die Ritualleiterin schenkte jedem noch eine Walnuss mit silberner Schnur. Nach dem Brauch h\u00e4ngt man diese au\u00dfen an T\u00fcr oder Fenster, so dass unliebsame Geister sich vom silbernen Glitzern der Schnur ablenken lassen und sich dann in den Windungen der N\u00fcsse verfangen, anstatt als unliebsame G\u00e4ste in unseren Wohnungen herum\u201dkobolden\u201d<\/p>\n<p>Einen abschlie\u00dfenden Gru\u00df schickte uns Wodan (Odin) zum Abschluss mit einer heftigen Windb\u00f6e, die den Altar halb abr\u00e4umte und eine Tonschale zerschlug.<\/p>\n<p>Nun, wie gesagt, die Kr\u00e4fte sind nicht ohne, doch zum Gl\u00fcck l\u00e4sst sich die Schale wieder kleben.<\/p>\n<p>Trotz kalter Luft und Wind sa\u00dfen wir anschlie\u00dfend noch gem\u00fctlich zusammen um wie immer ein paar K\u00f6stlichkeiten zu genie\u00dfen. Sogar der Grill wurde angefeuert.<\/p>\n<p>So gereinigt und gekl\u00e4rt\u00a0 gehen wir dem noch fernen Fr\u00fchling entgegen. Der H\u00f6hepunkt des Winters ist \u00fcberschritten. Noch ist es dunkel. Doch Imbolc (Anfang Februar) ist nicht mehr fern.<\/p>\n<p>&nbsp;<\/p>\n<p>Dann werden wir neue Saaten ausbringen\u2026.<\/p>\n<p>In diesem Sinne. Heil euch allen!!<\/p>\n<p>Von Drea<\/p>\n<div id=\"attachment_655\" style=\"width: 310px\" class=\"wp-caption alignleft\"><a href=\"http:\/\/blog.slow-mo.de\/wp-content\/uploads\/2015\/01\/Rasseln.jpg\"><img aria-describedby=\"caption-attachment-655\" loading=\"lazy\" class=\"wp-image-655 size-medium\" src=\"http:\/\/blog.slow-mo.de\/wp-content\/uploads\/2015\/01\/Rasseln-300x225.jpg\" alt=\"Rasseln und Runen\" width=\"300\" height=\"225\" srcset=\"https:\/\/blog.slow-mo.de\/wp-content\/uploads\/2015\/01\/Rasseln-300x225.jpg 300w, https:\/\/blog.slow-mo.de\/wp-content\/uploads\/2015\/01\/Rasseln.jpg 980w\" sizes=\"(max-width: 300px) 100vw, 300px\" \/><\/a><p id=\"caption-attachment-655\" class=\"wp-caption-text\">Rasseln und Runen<\/p><\/div>\n<div id=\"attachment_652\" style=\"width: 235px\" class=\"wp-caption alignleft\"><a href=\"http:\/\/blog.slow-mo.de\/wp-content\/uploads\/2015\/01\/Opfergaben.jpg\"><img aria-describedby=\"caption-attachment-652\" loading=\"lazy\" class=\"wp-image-652 size-medium\" src=\"http:\/\/blog.slow-mo.de\/wp-content\/uploads\/2015\/01\/Opfergaben-225x300.jpg\" alt=\"Knallerbsen und Opfergaben\" width=\"225\" height=\"300\" srcset=\"https:\/\/blog.slow-mo.de\/wp-content\/uploads\/2015\/01\/Opfergaben-225x300.jpg 225w, https:\/\/blog.slow-mo.de\/wp-content\/uploads\/2015\/01\/Opfergaben.jpg 735w\" sizes=\"(max-width: 225px) 100vw, 225px\" \/><\/a><p id=\"caption-attachment-652\" class=\"wp-caption-text\">Knallerbsen und Opfergaben<\/p><\/div>\n<div id=\"attachment_651\" style=\"width: 310px\" class=\"wp-caption alignleft\"><a href=\"http:\/\/blog.slow-mo.de\/wp-content\/uploads\/2015\/01\/Opferbrot.jpg\"><img aria-describedby=\"caption-attachment-651\" loading=\"lazy\" class=\"wp-image-651 size-medium\" src=\"http:\/\/blog.slow-mo.de\/wp-content\/uploads\/2015\/01\/Opferbrot-300x225.jpg\" alt=\"Opferbrot und Opfergaben\" width=\"300\" height=\"225\" srcset=\"https:\/\/blog.slow-mo.de\/wp-content\/uploads\/2015\/01\/Opferbrot-300x225.jpg 300w, https:\/\/blog.slow-mo.de\/wp-content\/uploads\/2015\/01\/Opferbrot.jpg 980w\" sizes=\"(max-width: 300px) 100vw, 300px\" \/><\/a><p id=\"caption-attachment-651\" class=\"wp-caption-text\">Opferbrot und Opfergaben<\/p><\/div>\n<div id=\"attachment_650\" style=\"width: 235px\" class=\"wp-caption alignleft\"><a href=\"http:\/\/blog.slow-mo.de\/wp-content\/uploads\/2015\/01\/Jagdpfeil.jpg\"><img aria-describedby=\"caption-attachment-650\" loading=\"lazy\" class=\"wp-image-650 size-medium\" src=\"http:\/\/blog.slow-mo.de\/wp-content\/uploads\/2015\/01\/Jagdpfeil-225x300.jpg\" alt=\"Jagdpfeil\" width=\"225\" height=\"300\" srcset=\"https:\/\/blog.slow-mo.de\/wp-content\/uploads\/2015\/01\/Jagdpfeil-225x300.jpg 225w, https:\/\/blog.slow-mo.de\/wp-content\/uploads\/2015\/01\/Jagdpfeil.jpg 490w\" sizes=\"(max-width: 225px) 100vw, 225px\" \/><\/a><p id=\"caption-attachment-650\" class=\"wp-caption-text\">Jagdpfeil<\/p><\/div>\n","protected":false},"excerpt":{"rendered":"<p>Am 3.1.2015 traf sich der Stammtisch Hannover zum ersten Ritual des Kalenderjahres 2015. &nbsp; Das Thema: \u201cRau(h)n\u00e4chte\u201d &#8211; Woran denkt man da? An geheimnisvolle N\u00e4chte, in denen magische Dinge geschehen sollen\u2026ja sogar Tiere sollen angeblich sprechen in diesen N\u00e4chten\u2026 Allerlei &hellip; <a href=\"https:\/\/blog.slow-mo.de\/?p=659\">Weiterlesen <span class=\"meta-nav\">&rarr;<\/span><\/a><\/p>\n","protected":false},"author":1,"featured_media":0,"comment_status":"open","ping_status":"closed","sticky":false,"template":"","format":"standard","meta":[],"categories":[11],"tags":[],"_links":{"self":[{"href":"https:\/\/blog.slow-mo.de\/index.php?rest_route=\/wp\/v2\/posts\/659"}],"collection":[{"href":"https:\/\/blog.slow-mo.de\/index.php?rest_route=\/wp\/v2\/posts"}],"about":[{"href":"https:\/\/blog.slow-mo.de\/index.php?rest_route=\/wp\/v2\/types\/post"}],"author":[{"embeddable":true,"href":"https:\/\/blog.slow-mo.de\/index.php?rest_route=\/wp\/v2\/users\/1"}],"replies":[{"embeddable":true,"href":"https:\/\/blog.slow-mo.de\/index.php?rest_route=%2Fwp%2Fv2%2Fcomments&post=659"}],"version-history":[{"count":2,"href":"https:\/\/blog.slow-mo.de\/index.php?rest_route=\/wp\/v2\/posts\/659\/revisions"}],"predecessor-version":[{"id":661,"href":"https:\/\/blog.slow-mo.de\/index.php?rest_route=\/wp\/v2\/posts\/659\/revisions\/661"}],"wp:attachment":[{"href":"https:\/\/blog.slow-mo.de\/index.php?rest_route=%2Fwp%2Fv2%2Fmedia&parent=659"}],"wp:term":[{"taxonomy":"category","embeddable":true,"href":"https:\/\/blog.slow-mo.de\/index.php?rest_route=%2Fwp%2Fv2%2Fcategories&post=659"},{"taxonomy":"post_tag","embeddable":true,"href":"https:\/\/blog.slow-mo.de\/index.php?rest_route=%2Fwp%2Fv2%2Ftags&post=659"}],"curies":[{"name":"wp","href":"https:\/\/api.w.org\/{rel}","templated":true}]}}