{"id":621,"date":"2014-11-23T15:55:24","date_gmt":"2014-11-23T15:55:24","guid":{"rendered":"http:\/\/blog.slow-mo.de\/?p=621"},"modified":"2014-12-13T19:00:28","modified_gmt":"2014-12-13T19:00:28","slug":"ritualbericht-vom-22-11-2014","status":"publish","type":"post","link":"https:\/\/blog.slow-mo.de\/?p=621","title":{"rendered":"Ritualbericht vom 22.11.2014"},"content":{"rendered":"<div>Am 22.11.2014 traf sich ein Teil der MItglieder des Herdes Aldsidu Honovere zum Ritual auf dem Grundst\u00fcck.<\/div>\n<div><\/div>\n<div>Wir trafen uns am sp\u00e4teren Nachmittag und die Sonne stand tief und rot im Westen, als der Altar fertig geschm\u00fcckt und alles vorbereitet war.<\/div>\n<div><\/div>\n<div>\n<div id=\"attachment_626\" style=\"width: 210px\" class=\"wp-caption aligncenter\"><a href=\"http:\/\/blog.slow-mo.de\/wp-content\/uploads\/2014\/11\/DSC_7771_Abendsonne.jpg\"><img aria-describedby=\"caption-attachment-626\" loading=\"lazy\" class=\"size-medium wp-image-626\" src=\"http:\/\/blog.slow-mo.de\/wp-content\/uploads\/2014\/11\/DSC_7771_Abendsonne-200x300.jpg\" alt=\"Abendsonne\" width=\"200\" height=\"300\" srcset=\"https:\/\/blog.slow-mo.de\/wp-content\/uploads\/2014\/11\/DSC_7771_Abendsonne-200x300.jpg 200w, https:\/\/blog.slow-mo.de\/wp-content\/uploads\/2014\/11\/DSC_7771_Abendsonne.jpg 534w\" sizes=\"(max-width: 200px) 100vw, 200px\" \/><\/a><p id=\"caption-attachment-626\" class=\"wp-caption-text\">Abendsonne<\/p><\/div>\n<\/div>\n<div><\/div>\n<div>Auf dem Altar standen viele Symbole f\u00fcr Odin, den Runenkundingen. Odin, den Schamanen. Eine Pferdefigur, stellvertretend f\u00fcr Sleipnir zierten den Altar genauso wie ein Wolf und schamanische Rasseln. Sogar ein selbstgebackenes Brot lag dort. Es war nat\u00fcrlich nicht nur ein gew\u00f6hnliches Brot, sondern hatte die Form des ein\u00e4ugigen Gesichts des Allvaters. Odin hatte ja sein eines\u00a0Auge am Brunnen Mimir gegeben, um Wissen zu erlangen!<\/div>\n<div>\n<div id=\"attachment_629\" style=\"width: 210px\" class=\"wp-caption aligncenter\"><a href=\"http:\/\/blog.slow-mo.de\/wp-content\/uploads\/2014\/11\/2014-11-22_7562_Ritual_Hannover_klein.jpg\"><img aria-describedby=\"caption-attachment-629\" loading=\"lazy\" class=\"size-medium wp-image-629\" src=\"http:\/\/blog.slow-mo.de\/wp-content\/uploads\/2014\/11\/2014-11-22_7562_Ritual_Hannover_klein-200x300.jpg\" alt=\"Altar \" width=\"200\" height=\"300\" srcset=\"https:\/\/blog.slow-mo.de\/wp-content\/uploads\/2014\/11\/2014-11-22_7562_Ritual_Hannover_klein-200x300.jpg 200w, https:\/\/blog.slow-mo.de\/wp-content\/uploads\/2014\/11\/2014-11-22_7562_Ritual_Hannover_klein-683x1024.jpg 683w, https:\/\/blog.slow-mo.de\/wp-content\/uploads\/2014\/11\/2014-11-22_7562_Ritual_Hannover_klein.jpg 854w\" sizes=\"(max-width: 200px) 100vw, 200px\" \/><\/a><p id=\"caption-attachment-629\" class=\"wp-caption-text\">Altar<\/p><\/div>\n<\/div>\n<div><\/div>\n<div>\n<div id=\"attachment_625\" style=\"width: 310px\" class=\"wp-caption aligncenter\"><a href=\"http:\/\/blog.slow-mo.de\/wp-content\/uploads\/2014\/11\/DSC_7766_Odin_Altar.jpg\"><img aria-describedby=\"caption-attachment-625\" loading=\"lazy\" class=\"size-medium wp-image-625\" src=\"http:\/\/blog.slow-mo.de\/wp-content\/uploads\/2014\/11\/DSC_7766_Odin_Altar-300x200.jpg\" alt=\"Altar zu Ehren Odins\" width=\"300\" height=\"200\" srcset=\"https:\/\/blog.slow-mo.de\/wp-content\/uploads\/2014\/11\/DSC_7766_Odin_Altar-300x200.jpg 300w, https:\/\/blog.slow-mo.de\/wp-content\/uploads\/2014\/11\/DSC_7766_Odin_Altar.jpg 800w\" sizes=\"(max-width: 300px) 100vw, 300px\" \/><\/a><p id=\"caption-attachment-625\" class=\"wp-caption-text\">Altar zu Ehren Odins<\/p><\/div>\n<\/div>\n<div><\/div>\n<div>Das Ritual sollte also zu Ehren Odins, des Allvaters gehalten werden. Hervorgehoben wurde der Aspekt Odins als Totengott.<\/div>\n<div><\/div>\n<div>Langsam senkte sich die Dunkelheit \u00fcber den Ritualplatz, Bodennebel begann aus dem Feld nebenan emporzusteigen. Es war sehr still. Gebannt lauschten die Anwesenden den Ausf\u00fchrungen des Ritualleiters. Hin und wieder strich eine leise Brise durch die Baumwipfel, sogar das ferne Kr\u00e4chzen eines Raben war zu h\u00f6ren, als der Ritualleiter Odins Begleiter, die Raben Hugin und Munin erw\u00e4hnte. So, als w\u00e4re Odin tats\u00e4chlich anwesend und er so sein Wohlwollen ausdr\u00fcckte. Wenn es W\u00f6lfe in der N\u00e4he gegeben h\u00e4tte, so h\u00e4tten sie sicher zustimmend geheult.<\/div>\n<div><\/div>\n<div><\/div>\n<div>Wir sind jetzt in die dunkle Jahreszeit eingetreten. Wir befinden uns in der Zeit zwischen Samhain und Jul. Der Herbst ist endg\u00fcltig vorbei und es nahen die Raun\u00e4chte. Diese Zeit bietet uns an, uns jetzt mit dem Thema Tod und Sterben auseinanderzusetzen.<\/div>\n<div><\/div>\n<div>Da ist zum Einen der Tod als physischer Aspekt. Das tats\u00e4chliche Sterben des K\u00f6rpers, das wir alle eines Tages akzeptieren m\u00fcssen. In unserer Kultur wird der Tod immer noch an den Rand gedr\u00e4ngt und als etwas\u00a0\u201cschreckliches\u201d stigmatisiert. Doch ist es so, dass das Sterben f\u00fcr denjenigen, der geht, wahrscheinlich gar nicht schrecklich ist, sondern die Befreiung von seinem K\u00f6rper. Die Seele kann dann wieder frei sein!\u00a0Leider werden die Menschen viel zu oft noch von Maschinen am Leben gehalten, auch wenn sie selbst l\u00e4ngst wissen, dass es Zeit ist, zu gehen.\u00a0Bei unseren Vorfahren\u00a0war das\u00a0Sterben ein integrierter Anteil des Lebens. Wenn ein alter Mensch seine Zeit\u00a0kommen f\u00fchlte, so ging er beispielsweise an eine Klippe, sofern er das noch konnte. Dort schied er dann aus dem Leben und es wurde respektiert. Indianer gingen auf einen Berg, um\u00a0von dort\u00a0\u201czum gro\u00dfen Geist\u201d zu gelangen.<\/div>\n<div><\/div>\n<div>\u00a0F\u00fcr die Hinterbliebenen ist es eine Zeit des Schmerzes und der Trauer um den Hin\u00fcbergegangenen. Und es ist gut zu trauern! Dabei spielt es keine Rolle, ob ein Mensch oder ein geliebtes, treues Tier gegangen ist. Es ist gut und wichtig, immer an die Gegangenen zu denken, denn nur wenn wir nicht mehr an sie denken, erst dann sind sie wirklich tot!<\/div>\n<div><\/div>\n<div>Der andere Aspekt des Todes ist der Symbolische. Wir alle sterben im Laufe unseres Lebens immer wieder, um daraus neu zu entstehen. Wir alle sind Ph\u00f6nixe! Wir lassen etwas los in unserem Leben, immer wieder. Mal, weil wir es m\u00fcssen, mal weil wir es wollen.<\/div>\n<div><\/div>\n<div>Wenn Odin bald mit der wilden Jagd in den Raun\u00e4chten \u00fcber das Land fegt, k\u00f6nnen wir die\u00a0\u201csterblichen \u00dcberreste\u201d von vergangenen Prozessen mitschicken, so dass sie aufgel\u00f6st werden k\u00f6nnen und wir alsbald die Saat f\u00fcr neues ausbringen k\u00f6nnen!<\/div>\n<div><\/div>\n<div>Gegen Ende des Rituals war es komplett dunkel und in der Ferne h\u00f6rte man den Laut eines Tieres (ein Fuchs?!). Als Geschenk erhielten die Teilnehmer einen runenverzierten Bleistift.<\/div>\n<div>Das Feuer war fast heruntergebrannt.\u00a0\u201cUnsere\u201d Herdkatze Freya war diesmal die ganze Zeit dabei, sogar innerhalb des Kreises.<\/div>\n<div><\/div>\n<div>Mit einem Becher Tee und kleinen Leckereien wurde das Treffen an diesem Tag dann beendet.<\/div>\n<div>Alsbald packten wir im Licht einer letzten Fackel und Taschenlampen alles zusammen, denn es wurde doch recht k\u00fchl.<\/div>\n<div>\n<div><\/div>\n<div>Doch sicheren Schrittes und ohne zu Stolpern fanden wir den Weg zur\u00fcck zu unseren treu wartenden Kutschen.<\/div>\n<div><\/div>\n<div>Es war ein ber\u00fchrendes Ritual. Ein sehr ernstes Thema, doch war es sch\u00f6n, in der Geborgenheit der kleinen Gemeinschaft in den Sumbelrunden dar\u00fcber zu sprechen, Segen zu geben und auch zu empfangen.<\/div>\n<div>Niemand muss die Dunkelheit f\u00fcrchten, denn das Licht kehrt bald zur\u00fcck\u2026.<\/div>\n<div><\/div>\n<div>In diesem Sinne. Seid gesegnet. Heil Euch!!<\/div>\n<div><\/div>\n<div>Von Drea<\/div>\n<\/div>\n<div style=\"text-align: center;\"><\/div>\n<div>\n<div id=\"attachment_624\" style=\"width: 310px\" class=\"wp-caption alignleft\"><a href=\"http:\/\/blog.slow-mo.de\/wp-content\/uploads\/2014\/11\/DSC_7765_Birken_im_Abendlicht.jpg\"><img aria-describedby=\"caption-attachment-624\" loading=\"lazy\" class=\"size-medium wp-image-624\" src=\"http:\/\/blog.slow-mo.de\/wp-content\/uploads\/2014\/11\/DSC_7765_Birken_im_Abendlicht-300x200.jpg\" alt=\"Birken im Abendlicht\" width=\"300\" height=\"200\" srcset=\"https:\/\/blog.slow-mo.de\/wp-content\/uploads\/2014\/11\/DSC_7765_Birken_im_Abendlicht-300x200.jpg 300w, https:\/\/blog.slow-mo.de\/wp-content\/uploads\/2014\/11\/DSC_7765_Birken_im_Abendlicht.jpg 800w\" sizes=\"(max-width: 300px) 100vw, 300px\" \/><\/a><p id=\"caption-attachment-624\" class=\"wp-caption-text\">Birken im Abendlicht<\/p><\/div>\n<div id=\"attachment_623\" style=\"width: 210px\" class=\"wp-caption alignleft\"><a href=\"http:\/\/blog.slow-mo.de\/wp-content\/uploads\/2014\/11\/DSC_7750_Wunschkranz.jpg\"><img aria-describedby=\"caption-attachment-623\" loading=\"lazy\" class=\"size-medium wp-image-623\" src=\"http:\/\/blog.slow-mo.de\/wp-content\/uploads\/2014\/11\/DSC_7750_Wunschkranz-200x300.jpg\" alt=\"Wunschkranz\" width=\"200\" height=\"300\" srcset=\"https:\/\/blog.slow-mo.de\/wp-content\/uploads\/2014\/11\/DSC_7750_Wunschkranz-200x300.jpg 200w, https:\/\/blog.slow-mo.de\/wp-content\/uploads\/2014\/11\/DSC_7750_Wunschkranz.jpg 534w\" sizes=\"(max-width: 200px) 100vw, 200px\" \/><\/a><p id=\"caption-attachment-623\" class=\"wp-caption-text\">Wunschkranz<\/p><\/div>\n<div id=\"attachment_622\" style=\"width: 210px\" class=\"wp-caption alignleft\"><a href=\"http:\/\/blog.slow-mo.de\/wp-content\/uploads\/2014\/11\/DSC_7741_Novembersonne.jpg\"><img aria-describedby=\"caption-attachment-622\" loading=\"lazy\" class=\"size-medium wp-image-622\" src=\"http:\/\/blog.slow-mo.de\/wp-content\/uploads\/2014\/11\/DSC_7741_Novembersonne-200x300.jpg\" alt=\"Novembersonne\" width=\"200\" height=\"300\" srcset=\"https:\/\/blog.slow-mo.de\/wp-content\/uploads\/2014\/11\/DSC_7741_Novembersonne-200x300.jpg 200w, https:\/\/blog.slow-mo.de\/wp-content\/uploads\/2014\/11\/DSC_7741_Novembersonne.jpg 534w\" sizes=\"(max-width: 200px) 100vw, 200px\" \/><\/a><p id=\"caption-attachment-622\" class=\"wp-caption-text\">Novembersonne<\/p><\/div>\n<p>&nbsp;<\/p>\n<p>&nbsp;<\/p>\n<p>&nbsp;<\/p>\n<\/div>\n<p>&nbsp;<\/p>\n","protected":false},"excerpt":{"rendered":"<p>Am 22.11.2014 traf sich ein Teil der MItglieder des Herdes Aldsidu Honovere zum Ritual auf dem Grundst\u00fcck. Wir trafen uns am sp\u00e4teren Nachmittag und die Sonne stand tief und rot im Westen, als der Altar fertig geschm\u00fcckt und alles vorbereitet &hellip; <a href=\"https:\/\/blog.slow-mo.de\/?p=621\">Weiterlesen <span class=\"meta-nav\">&rarr;<\/span><\/a><\/p>\n","protected":false},"author":1,"featured_media":0,"comment_status":"open","ping_status":"closed","sticky":false,"template":"","format":"standard","meta":[],"categories":[11],"tags":[],"_links":{"self":[{"href":"https:\/\/blog.slow-mo.de\/index.php?rest_route=\/wp\/v2\/posts\/621"}],"collection":[{"href":"https:\/\/blog.slow-mo.de\/index.php?rest_route=\/wp\/v2\/posts"}],"about":[{"href":"https:\/\/blog.slow-mo.de\/index.php?rest_route=\/wp\/v2\/types\/post"}],"author":[{"embeddable":true,"href":"https:\/\/blog.slow-mo.de\/index.php?rest_route=\/wp\/v2\/users\/1"}],"replies":[{"embeddable":true,"href":"https:\/\/blog.slow-mo.de\/index.php?rest_route=%2Fwp%2Fv2%2Fcomments&post=621"}],"version-history":[{"count":3,"href":"https:\/\/blog.slow-mo.de\/index.php?rest_route=\/wp\/v2\/posts\/621\/revisions"}],"predecessor-version":[{"id":630,"href":"https:\/\/blog.slow-mo.de\/index.php?rest_route=\/wp\/v2\/posts\/621\/revisions\/630"}],"wp:attachment":[{"href":"https:\/\/blog.slow-mo.de\/index.php?rest_route=%2Fwp%2Fv2%2Fmedia&parent=621"}],"wp:term":[{"taxonomy":"category","embeddable":true,"href":"https:\/\/blog.slow-mo.de\/index.php?rest_route=%2Fwp%2Fv2%2Fcategories&post=621"},{"taxonomy":"post_tag","embeddable":true,"href":"https:\/\/blog.slow-mo.de\/index.php?rest_route=%2Fwp%2Fv2%2Ftags&post=621"}],"curies":[{"name":"wp","href":"https:\/\/api.w.org\/{rel}","templated":true}]}}