{"id":579,"date":"2014-09-25T07:25:12","date_gmt":"2014-09-25T07:25:12","guid":{"rendered":"http:\/\/blog.slow-mo.de\/?p=579"},"modified":"2014-10-23T07:04:52","modified_gmt":"2014-10-23T07:04:52","slug":"herbst-und-erntefest-2014","status":"publish","type":"post","link":"https:\/\/blog.slow-mo.de\/?p=579","title":{"rendered":"Herbst- und Erntefest 2014"},"content":{"rendered":"<div>Am 16. August und am 20. September trafen sich Mitglieder des Herdes Aldsidu Honovere zu Ritualen rund um das Thema\u00a0Ernte einfahren, Erntedank und nat\u00fcrlich Tag- und Nachtgleiche.<\/div>\n<div><\/div>\n<div>\n<div id=\"attachment_580\" style=\"width: 258px\" class=\"wp-caption aligncenter\"><a href=\"http:\/\/blog.slow-mo.de\/wp-content\/uploads\/2014\/09\/Erntefest.jpg\"><img aria-describedby=\"caption-attachment-580\" loading=\"lazy\" class=\"size-medium wp-image-580\" src=\"http:\/\/blog.slow-mo.de\/wp-content\/uploads\/2014\/09\/Erntefest-248x300.jpg\" alt=\"Erntefest im August\" width=\"248\" height=\"300\" srcset=\"https:\/\/blog.slow-mo.de\/wp-content\/uploads\/2014\/09\/Erntefest-248x300.jpg 248w, https:\/\/blog.slow-mo.de\/wp-content\/uploads\/2014\/09\/Erntefest-847x1024.jpg 847w, https:\/\/blog.slow-mo.de\/wp-content\/uploads\/2014\/09\/Erntefest.jpg 980w\" sizes=\"(max-width: 248px) 100vw, 248px\" \/><\/a><p id=\"caption-attachment-580\" class=\"wp-caption-text\">Erntefest im August<\/p><\/div>\n<\/div>\n<div><\/div>\n<div>Im August, so sollte man meinen, brennt die Sonne vom Himmel und man w\u00fcnscht sich Schatten und k\u00fchle Getr\u00e4nke herbei und das letzte, was man braucht ist ein w\u00e4rmendes Feuer.<\/div>\n<div><\/div>\n<div>\n<div id=\"attachment_581\" style=\"width: 235px\" class=\"wp-caption aligncenter\"><a href=\"http:\/\/blog.slow-mo.de\/wp-content\/uploads\/2014\/09\/Erntefest2.jpg\"><img aria-describedby=\"caption-attachment-581\" loading=\"lazy\" class=\"size-medium wp-image-581\" src=\"http:\/\/blog.slow-mo.de\/wp-content\/uploads\/2014\/09\/Erntefest2-225x300.jpg\" alt=\"August-Feuer mit Opfer-Ga(r)be\" width=\"225\" height=\"300\" srcset=\"https:\/\/blog.slow-mo.de\/wp-content\/uploads\/2014\/09\/Erntefest2-225x300.jpg 225w, https:\/\/blog.slow-mo.de\/wp-content\/uploads\/2014\/09\/Erntefest2.jpg 735w\" sizes=\"(max-width: 225px) 100vw, 225px\" \/><\/a><p id=\"caption-attachment-581\" class=\"wp-caption-text\">August-Feuer mit Opfer-Ga(r)be<\/p><\/div>\n<\/div>\n<div><\/div>\n<div>Aber was war? Ein Regenschauer jagte den n\u00e4chsten und so sehr sich unser Feuerwart auch bem\u00fchte. Es dauerte nahezu eine Stunde, bis er gesch\u00fctzt von einer Armee aus bunten Regenschirmen, das Feuer halbwegs in Gang bringen konnte.<\/div>\n<div><\/div>\n<div>\n<div id=\"attachment_582\" style=\"width: 310px\" class=\"wp-caption aligncenter\"><a href=\"http:\/\/blog.slow-mo.de\/wp-content\/uploads\/2014\/09\/Erntefest3.jpg\"><img aria-describedby=\"caption-attachment-582\" loading=\"lazy\" class=\"size-medium wp-image-582\" src=\"http:\/\/blog.slow-mo.de\/wp-content\/uploads\/2014\/09\/Erntefest3-300x225.jpg\" alt=\"Wann brennt endlich das Feuer??? \" width=\"300\" height=\"225\" srcset=\"https:\/\/blog.slow-mo.de\/wp-content\/uploads\/2014\/09\/Erntefest3-300x225.jpg 300w, https:\/\/blog.slow-mo.de\/wp-content\/uploads\/2014\/09\/Erntefest3.jpg 653w\" sizes=\"(max-width: 300px) 100vw, 300px\" \/><\/a><p id=\"caption-attachment-582\" class=\"wp-caption-text\">Wann brennt endlich das Feuer???<\/p><\/div>\n<\/div>\n<div><\/div>\n<div>Zum Gl\u00fcck h\u00f6rte der Regen bald auf und wir konnten das anschlie\u00dfende gemeinsame Beisammensein mit kulinarischen K\u00f6stlichkeiten unter freiem Himmel genie\u00dfen. Denn zu allem \u00dcberfluss war unser sch\u00f6ner, frisch sanierter Unterstand komplett zusammengebrochen\u2026.\u2639<\/div>\n<div><\/div>\n<div style=\"text-align: center;\">&#8212;&#8212;&#8212;&#8212;&#8212;&#8212;&#8212;&#8212;&#8212;&#8212;&#8212;&#8212;&#8212;&#8212;&#8211;<\/div>\n<div><\/div>\n<div>Ganz anders das Ritual am 20.9. Der Himmel war zwar weitestgehend wolkenverhangen, aber es war schw\u00fclwarm und das Feuer brannte zwar klein aber sehr hei\u00df und wurde von der Feuerwartin schnell in Gang gebracht. Viele, liebevoll hergerichtete Opfer wurden dargebracht.<\/div>\n<div><\/div>\n<div>\n<div id=\"attachment_583\" style=\"width: 235px\" class=\"wp-caption aligncenter\"><a href=\"http:\/\/blog.slow-mo.de\/wp-content\/uploads\/2014\/09\/Herbstfest.jpg\"><img aria-describedby=\"caption-attachment-583\" loading=\"lazy\" class=\"size-medium wp-image-583\" src=\"http:\/\/blog.slow-mo.de\/wp-content\/uploads\/2014\/09\/Herbstfest-225x300.jpg\" alt=\"Opferaltar zum Ernte- und Herbstfest 2014\" width=\"225\" height=\"300\" srcset=\"https:\/\/blog.slow-mo.de\/wp-content\/uploads\/2014\/09\/Herbstfest-225x300.jpg 225w, https:\/\/blog.slow-mo.de\/wp-content\/uploads\/2014\/09\/Herbstfest-768x1024.jpg 768w, https:\/\/blog.slow-mo.de\/wp-content\/uploads\/2014\/09\/Herbstfest.jpg 980w\" sizes=\"(max-width: 225px) 100vw, 225px\" \/><\/a><p id=\"caption-attachment-583\" class=\"wp-caption-text\">Opferaltar zum Ernte- und Herbstfest 2014<\/p><\/div>\n<\/div>\n<div><\/div>\n<div>Bunte Opferk\u00f6rbe, reich gef\u00fcllt mit Mais, leuchtenden Blumen, \u00c4pfeln, \u00c4hren und N\u00fcssen und selbstgebackenes Brot. \u00c4hnlich leuchtend war der Altar geschm\u00fcckt.<\/div>\n<div><\/div>\n<div>\n<div id=\"attachment_584\" style=\"width: 235px\" class=\"wp-caption aligncenter\"><a href=\"http:\/\/blog.slow-mo.de\/wp-content\/uploads\/2014\/09\/Herbstfest2.jpg\"><img aria-describedby=\"caption-attachment-584\" loading=\"lazy\" class=\"size-medium wp-image-584\" src=\"http:\/\/blog.slow-mo.de\/wp-content\/uploads\/2014\/09\/Herbstfest2-225x300.jpg\" alt=\"Opfergaben\" width=\"225\" height=\"300\" srcset=\"https:\/\/blog.slow-mo.de\/wp-content\/uploads\/2014\/09\/Herbstfest2-225x300.jpg 225w, https:\/\/blog.slow-mo.de\/wp-content\/uploads\/2014\/09\/Herbstfest2-768x1024.jpg 768w, https:\/\/blog.slow-mo.de\/wp-content\/uploads\/2014\/09\/Herbstfest2.jpg 980w\" sizes=\"(max-width: 225px) 100vw, 225px\" \/><\/a><p id=\"caption-attachment-584\" class=\"wp-caption-text\">Opfergaben<\/p><\/div>\n<div id=\"attachment_585\" style=\"width: 178px\" class=\"wp-caption aligncenter\"><a href=\"http:\/\/blog.slow-mo.de\/wp-content\/uploads\/2014\/09\/Herbstfest3.jpg\"><img aria-describedby=\"caption-attachment-585\" loading=\"lazy\" class=\"size-medium wp-image-585\" src=\"http:\/\/blog.slow-mo.de\/wp-content\/uploads\/2014\/09\/Herbstfest3-168x300.jpg\" alt=\"Symbolgeb\u00e4ck und Opfergaben\" width=\"168\" height=\"300\" srcset=\"https:\/\/blog.slow-mo.de\/wp-content\/uploads\/2014\/09\/Herbstfest3-168x300.jpg 168w, https:\/\/blog.slow-mo.de\/wp-content\/uploads\/2014\/09\/Herbstfest3-576x1024.jpg 576w\" sizes=\"(max-width: 168px) 100vw, 168px\" \/><\/a><p id=\"caption-attachment-585\" class=\"wp-caption-text\">Symbolgeb\u00e4ck und Opfergaben<\/p><\/div>\n<\/div>\n<div><\/div>\n<div><\/div>\n<div>Als die Opferrunde beendet war, brach die Sonne hervor, so als wollten die G\u00f6tter ihren Dank schicken! Wundersch\u00f6n!!<\/div>\n<div><\/div>\n<div>Es ist jetzt die Zeit, wo auf den Feldern die Ernte eingebracht wird von flei\u00dfigen Landwirten, so dass es uns an keiner Nahrung mangelt. Es ist aber auch die Zeit, in der wir uns Gedanken \u00fcber das symbolische\u00a0\u201cErnte einbringen\u201d machen k\u00f6nnen.<\/div>\n<div><\/div>\n<div>Was haben wir in den vergangenen Monaten ges\u00e4t? Was ernten wir jetzt?<\/div>\n<div>Das k\u00f6nnen W\u00fcnsche sein, die sich vielleicht jetzt erf\u00fcllen, weil wir den Weg daf\u00fcr geebnet haben. Das k\u00f6nnen aber auch pers\u00f6nliche Erlebnisse, Emotionen oder Ideen sein, die pl\u00f6tzlich da sind, weil sie eine Zeitlang gereift sind.<\/div>\n<div><\/div>\n<div><\/div>\n<div style=\"text-align: center;\"><strong>Wir gehen in uns und fragen uns<\/strong><\/div>\n<div style=\"text-align: center;\">\u201cWas habe ich geleistet?\u201d<\/div>\n<div style=\"text-align: center;\">\u201cWas habe ich irgendwem gegen\u00fcber gesagt oder getan\u201d?<\/div>\n<div style=\"text-align: center;\">\u201cWem bin ich begegnet\u201d?<\/div>\n<div style=\"text-align: center;\">\u201cWas wurde mir geschenkt, was habe ich verschenkt\u2026\u201d?<\/div>\n<div style=\"text-align: center;\">Die Liste kann jeder f\u00fcr sich selbst vervollst\u00e4ndigen.<\/div>\n<div style=\"text-align: center;\"><\/div>\n<div style=\"text-align: center;\">\n<div id=\"attachment_586\" style=\"width: 310px\" class=\"wp-caption aligncenter\"><a href=\"http:\/\/blog.slow-mo.de\/wp-content\/uploads\/2014\/09\/Herbstfest4.jpg\"><img aria-describedby=\"caption-attachment-586\" loading=\"lazy\" class=\"size-medium wp-image-586\" src=\"http:\/\/blog.slow-mo.de\/wp-content\/uploads\/2014\/09\/Herbstfest4-300x225.jpg\" alt=\"Unser Abschiedsgru\u00df an die Wesen des Platzes, den wir beim Verlassen des Platz zur\u00fcck lie\u00dfen\" width=\"300\" height=\"225\" srcset=\"https:\/\/blog.slow-mo.de\/wp-content\/uploads\/2014\/09\/Herbstfest4-300x225.jpg 300w, https:\/\/blog.slow-mo.de\/wp-content\/uploads\/2014\/09\/Herbstfest4-1024x768.jpg 1024w, https:\/\/blog.slow-mo.de\/wp-content\/uploads\/2014\/09\/Herbstfest4.jpg 1306w\" sizes=\"(max-width: 300px) 100vw, 300px\" \/><\/a><p id=\"caption-attachment-586\" class=\"wp-caption-text\">Unser Abschiedsgru\u00df an die Wesen des Platzes, den wir beim Verlassen des Platz zur\u00fcck lie\u00dfen<\/p><\/div>\n<\/div>\n<div style=\"text-align: center;\"><\/div>\n<div>Es ist die Zeit, in der Hel in uns erwacht, die Dunkelheit wieder \u00fcber das Licht triumphiert. Eine Zeit, in der wir dankbar sein d\u00fcrfen f\u00fcr das, was wir jetzt geerntet haben. Ob angenehm oder eine Herausforderung, alles ist gut so, da es unserer Entwicklung dient.<\/div>\n<div><\/div>\n<div>Freuen wir uns auf die Zeit der gem\u00fctlichen Abende mit Tee, Kerzenlicht, einem Glas Wein, gute Gespr\u00e4che in gem\u00fctlicher Atmosph\u00e4re, wenn drau\u00dfen die ersten Herbstst\u00fcrme erwachen, tiefh\u00e4ngende Wolken \u00fcber den Himmel huschen, der Regen gegen die Fenster prasselt und wir uns noch tiefer in Decken, Kissen und an den\/die Liebste(n) kuscheln.<\/div>\n<div><\/div>\n<div>Bereiten wir uns vor f\u00fcr das, was Hel schon f\u00fcr uns bereith\u00e4lt, wenn sich bald die T\u00fcren zur\u00a0\u201cSchattenwelt\u201d wieder \u00f6ffnen. Es ist nie bedrohlich, sondern immer spannend. Denn das, was da offenbart wird, gibt uns den Samen f\u00fcr die n\u00e4chste Aussaat im Fr\u00fchjahr in die Hand!<\/div>\n<p>&nbsp;<\/p>\n","protected":false},"excerpt":{"rendered":"<p>Am 16. August und am 20. September trafen sich Mitglieder des Herdes Aldsidu Honovere zu Ritualen rund um das Thema\u00a0Ernte einfahren, Erntedank und nat\u00fcrlich Tag- und Nachtgleiche. Im August, so sollte man meinen, brennt die Sonne vom Himmel und man &hellip; <a href=\"https:\/\/blog.slow-mo.de\/?p=579\">Weiterlesen <span class=\"meta-nav\">&rarr;<\/span><\/a><\/p>\n","protected":false},"author":1,"featured_media":0,"comment_status":"open","ping_status":"closed","sticky":false,"template":"","format":"standard","meta":[],"categories":[11],"tags":[],"_links":{"self":[{"href":"https:\/\/blog.slow-mo.de\/index.php?rest_route=\/wp\/v2\/posts\/579"}],"collection":[{"href":"https:\/\/blog.slow-mo.de\/index.php?rest_route=\/wp\/v2\/posts"}],"about":[{"href":"https:\/\/blog.slow-mo.de\/index.php?rest_route=\/wp\/v2\/types\/post"}],"author":[{"embeddable":true,"href":"https:\/\/blog.slow-mo.de\/index.php?rest_route=\/wp\/v2\/users\/1"}],"replies":[{"embeddable":true,"href":"https:\/\/blog.slow-mo.de\/index.php?rest_route=%2Fwp%2Fv2%2Fcomments&post=579"}],"version-history":[{"count":2,"href":"https:\/\/blog.slow-mo.de\/index.php?rest_route=\/wp\/v2\/posts\/579\/revisions"}],"predecessor-version":[{"id":596,"href":"https:\/\/blog.slow-mo.de\/index.php?rest_route=\/wp\/v2\/posts\/579\/revisions\/596"}],"wp:attachment":[{"href":"https:\/\/blog.slow-mo.de\/index.php?rest_route=%2Fwp%2Fv2%2Fmedia&parent=579"}],"wp:term":[{"taxonomy":"category","embeddable":true,"href":"https:\/\/blog.slow-mo.de\/index.php?rest_route=%2Fwp%2Fv2%2Fcategories&post=579"},{"taxonomy":"post_tag","embeddable":true,"href":"https:\/\/blog.slow-mo.de\/index.php?rest_route=%2Fwp%2Fv2%2Ftags&post=579"}],"curies":[{"name":"wp","href":"https:\/\/api.w.org\/{rel}","templated":true}]}}