{"id":556,"date":"2014-06-23T07:40:22","date_gmt":"2014-06-23T07:40:22","guid":{"rendered":"http:\/\/blog.slow-mo.de\/?p=556"},"modified":"2014-08-21T12:38:08","modified_gmt":"2014-08-21T12:38:08","slug":"mittsommer-2014","status":"publish","type":"post","link":"https:\/\/blog.slow-mo.de\/?p=556","title":{"rendered":"Mittsommer 2014"},"content":{"rendered":"<div>Am 21.6 traf sich der Asatru Stammtisch Hannover zum Fest der Sommersonnenwende auf dem Herdgrundst\u00fcck. Zahlreich fanden sich Mitglieder und geladene G\u00e4ste dort ein und es herrschte ein heiteres Durcheinander, als der Ritualplatz mit vielen bunten B\u00e4ndern geschm\u00fcckt wurde. Die Sense kam zum Einsatz, um das hohe Gras ein wenig zu stutzen.<\/div>\n<div><\/div>\n<div>\n<div id=\"attachment_560\" style=\"width: 310px\" class=\"wp-caption aligncenter\"><a href=\"http:\/\/blog.slow-mo.de\/wp-content\/uploads\/2014\/06\/B\u00e4nder.jpg\"><img aria-describedby=\"caption-attachment-560\" loading=\"lazy\" class=\"size-medium wp-image-560\" src=\"http:\/\/blog.slow-mo.de\/wp-content\/uploads\/2014\/06\/B\u00e4nder-300x262.jpg\" alt=\"B\u00e4nder im Wind am Ritualplatz\" width=\"300\" height=\"262\" srcset=\"https:\/\/blog.slow-mo.de\/wp-content\/uploads\/2014\/06\/B\u00e4nder-300x262.jpg 300w, https:\/\/blog.slow-mo.de\/wp-content\/uploads\/2014\/06\/B\u00e4nder.jpg 831w\" sizes=\"(max-width: 300px) 100vw, 300px\" \/><\/a><p id=\"caption-attachment-560\" class=\"wp-caption-text\">B\u00e4nder im Wind am Ritualplatz<\/p><\/div>\n<\/div>\n<div><\/div>\n<div>Das Opferfeuer wurde gr\u00fcndlich vorbereitet.<\/div>\n<div>Ein riesengro\u00dfer Strohkranz\u00a0(das\u00a0\u201cFeuerrad\u201d)\u00a0wurde zusammen mit einem Feuerhansel aufgestellt. Das Feuerrad wurde mit B\u00e4ndern versehen, auf die die Anwesenden ihre W\u00fcnsche aufgeschrieben hatten.<\/div>\n<div><\/div>\n<div>\n<div id=\"attachment_558\" style=\"width: 235px\" class=\"wp-caption aligncenter\"><a href=\"http:\/\/blog.slow-mo.de\/wp-content\/uploads\/2014\/06\/Kranz.jpg\"><img aria-describedby=\"caption-attachment-558\" loading=\"lazy\" class=\"size-medium wp-image-558\" src=\"http:\/\/blog.slow-mo.de\/wp-content\/uploads\/2014\/06\/Kranz-225x300.jpg\" alt=\"Der Kranz wird geschm\u00fcckt\" width=\"225\" height=\"300\" srcset=\"https:\/\/blog.slow-mo.de\/wp-content\/uploads\/2014\/06\/Kranz-225x300.jpg 225w, https:\/\/blog.slow-mo.de\/wp-content\/uploads\/2014\/06\/Kranz.jpg 735w\" sizes=\"(max-width: 225px) 100vw, 225px\" \/><\/a><p id=\"caption-attachment-558\" class=\"wp-caption-text\">Der Kranz wird geschm\u00fcckt<\/p><\/div>\n<div id=\"attachment_559\" style=\"width: 235px\" class=\"wp-caption aligncenter\"><a href=\"http:\/\/blog.slow-mo.de\/wp-content\/uploads\/2014\/06\/Kranz2.jpg\"><img aria-describedby=\"caption-attachment-559\" loading=\"lazy\" class=\"size-medium wp-image-559\" src=\"http:\/\/blog.slow-mo.de\/wp-content\/uploads\/2014\/06\/Kranz2-225x300.jpg\" alt=\"Nun liegt der Kranz bereit, um angez\u00fcndet zu werden.\" width=\"225\" height=\"300\" srcset=\"https:\/\/blog.slow-mo.de\/wp-content\/uploads\/2014\/06\/Kranz2-225x300.jpg 225w, https:\/\/blog.slow-mo.de\/wp-content\/uploads\/2014\/06\/Kranz2.jpg 735w\" sizes=\"(max-width: 225px) 100vw, 225px\" \/><\/a><p id=\"caption-attachment-559\" class=\"wp-caption-text\">Nun liegt der Kranz bereit, um angez\u00fcndet zu werden.<\/p><\/div>\n<\/div>\n<div><\/div>\n<div>Der Altar war geschm\u00fcckt mit Symbolen, die die Sonne und das Licht symbolisierten, unter anderem auch ein gro\u00dfer, wundersch\u00f6ner, selbstgebackener Laib Brot in Form einer Sonne.<\/div>\n<div><\/div>\n<div><img loading=\"lazy\" class=\"aligncenter size-medium wp-image-557\" src=\"http:\/\/blog.slow-mo.de\/wp-content\/uploads\/2014\/06\/Altar-225x300.jpg\" alt=\"Altar\" width=\"225\" height=\"300\" srcset=\"https:\/\/blog.slow-mo.de\/wp-content\/uploads\/2014\/06\/Altar-225x300.jpg 225w, https:\/\/blog.slow-mo.de\/wp-content\/uploads\/2014\/06\/Altar.jpg 735w\" sizes=\"(max-width: 225px) 100vw, 225px\" \/><\/div>\n<div>Das Wetter war zwar wenig sommerlich, sondern mit einer eher herbstlichen, steifen Brise und k\u00fchlen Temperaturen sehr bescheiden, doch Baldur (Balder), dem das Ritual gewidmet war, sorgte daf\u00fcr, dass der Regen in den Wolken blieb und uns verschonte.<\/div>\n<div><\/div>\n<div>Das Feuer wurde diesmal direkt zu Beginn des Rituals entz\u00fcndet, denn um dieses Element ging es ja in erster Linie. Und was f\u00fcr ein Feuer!! Das Feuerrad und der Hansel brannten im Nu lichterloh und die W\u00e4rme der Flammen schenkte uns die sommerlichen Temperaturen, die eigentlich in diese Jahreszeit geh\u00f6ren. Nur gut, dass der Ritualplatz etwas abseits des bewohnten Gebietes liegt, sonst w\u00e4re die ortsans\u00e4ssige Feuerwehr garantiert anger\u00fcckt!<\/div>\n<div>\n<div id=\"attachment_561\" style=\"width: 310px\" class=\"wp-caption aligncenter\"><a href=\"http:\/\/blog.slow-mo.de\/wp-content\/uploads\/2014\/06\/Brennender_Kranz.jpg\"><img aria-describedby=\"caption-attachment-561\" loading=\"lazy\" class=\"size-medium wp-image-561\" src=\"http:\/\/blog.slow-mo.de\/wp-content\/uploads\/2014\/06\/Brennender_Kranz-300x159.jpg\" alt=\"Das Feuer ist entz\u00fcndet\" width=\"300\" height=\"159\" srcset=\"https:\/\/blog.slow-mo.de\/wp-content\/uploads\/2014\/06\/Brennender_Kranz-300x159.jpg 300w, https:\/\/blog.slow-mo.de\/wp-content\/uploads\/2014\/06\/Brennender_Kranz.jpg 797w\" sizes=\"(max-width: 300px) 100vw, 300px\" \/><\/a><p id=\"caption-attachment-561\" class=\"wp-caption-text\">Das Feuer ist entz\u00fcndet<\/p><\/div>\n<\/div>\n<div><\/div>\n<div>Die Ritualleiterin lie\u00df mit Geschichten und vielerlei Informationen den lichtvollen, strahlenden Gott Baldur vor unserem inneren Auge erscheinen und die lebensspendende Sonne wurde gesegnet.<\/div>\n<div>\n<div id=\"attachment_564\" style=\"width: 310px\" class=\"wp-caption aligncenter\"><a href=\"http:\/\/blog.slow-mo.de\/wp-content\/uploads\/2014\/06\/Sonne.jpg\"><img aria-describedby=\"caption-attachment-564\" loading=\"lazy\" class=\"size-medium wp-image-564\" src=\"http:\/\/blog.slow-mo.de\/wp-content\/uploads\/2014\/06\/Sonne-300x168.jpg\" alt=\"Baldurs Sonne\" width=\"300\" height=\"168\" srcset=\"https:\/\/blog.slow-mo.de\/wp-content\/uploads\/2014\/06\/Sonne-300x168.jpg 300w, https:\/\/blog.slow-mo.de\/wp-content\/uploads\/2014\/06\/Sonne.jpg 800w\" sizes=\"(max-width: 300px) 100vw, 300px\" \/><\/a><p id=\"caption-attachment-564\" class=\"wp-caption-text\">Baldurs Sonne<\/p><\/div>\n<\/div>\n<div><\/div>\n<div>Bei der Sumbelrunde, bei der das Horn nat\u00fcrlich haupts\u00e4chlich zu Ehren Balders gehoben wurde, ri\u00df der Himmel pl\u00f6tzlich auf und die Sonne brach hervor und tauchte f\u00fcr ein paar Minuten den Platz in strahlendes Licht, so dass sogar das Feuer verblasste! Balder schickte uns somit einen leuchtenden Gru\u00df! Danke daf\u00fcr \ud83d\ude42<\/div>\n<div>Auch Geschenke wurden verteilt, ein Jeder bekam von der Ritualleiterin einen\u00a0\u201cSonnenstrahl\u201d geschenkt (Teile des Sonnenbrotes) und unsere\u00a0\u201cHerdmutti\u201d verteilte selbstgemachte Bl\u00fcmchenarmb\u00e4nder an alle Anwesenden. Eine tolle \u00dcberraschung!! Danke f\u00fcr die wundersch\u00f6nen Geschenke!!<\/div>\n<div><\/div>\n<div>H\u00f6hepunkt des Rituals war der tradionelle\u00a0\u201cFeuersprung\u201d. Ein jeder, der wollte, durfte nun \u00fcber die noch glimmende Feuerstelle springen. Viele Mythen ranken sich um den Feuersprung. Unter anderem soll er Gl\u00fcck bringen, Unheil abwehren, Paare zusammenf\u00fchren oder zusammenhalten \ud83d\ude09 Ein wundersch\u00f6ner Brauch!<\/div>\n<div>\n<div id=\"attachment_562\" style=\"width: 300px\" class=\"wp-caption aligncenter\"><a href=\"http:\/\/blog.slow-mo.de\/wp-content\/uploads\/2014\/06\/Feuersprung.jpg\"><img aria-describedby=\"caption-attachment-562\" loading=\"lazy\" class=\"size-medium wp-image-562\" src=\"http:\/\/blog.slow-mo.de\/wp-content\/uploads\/2014\/06\/Feuersprung-290x300.jpg\" alt=\"Feuersprung \" width=\"290\" height=\"300\" srcset=\"https:\/\/blog.slow-mo.de\/wp-content\/uploads\/2014\/06\/Feuersprung-290x300.jpg 290w, https:\/\/blog.slow-mo.de\/wp-content\/uploads\/2014\/06\/Feuersprung.jpg 878w\" sizes=\"(max-width: 290px) 100vw, 290px\" \/><\/a><p id=\"caption-attachment-562\" class=\"wp-caption-text\">Feuersprung<\/p><\/div>\n<\/div>\n<div><\/div>\n<div>Nach dem Ritual fanden sich alle zum ausgiebigen Grillfest rund um den neu errichteten Unterstand ein. Der sonst so Stille Ort war erf\u00fcllt von angeregten Gespr\u00e4chen, Lachen und den hellen fr\u00f6hlichen Stimmen umhertollender Kinder, die diesmal auch mit anwesend waren.<\/div>\n<div><\/div>\n<div>Der Tisch bog sich unter Massen von K\u00f6stlichkeiten.<\/div>\n<div>\n<div id=\"attachment_563\" style=\"width: 188px\" class=\"wp-caption aligncenter\"><a href=\"http:\/\/blog.slow-mo.de\/wp-content\/uploads\/2014\/06\/Buffet.jpg\"><img aria-describedby=\"caption-attachment-563\" loading=\"lazy\" class=\"size-medium wp-image-563\" src=\"http:\/\/blog.slow-mo.de\/wp-content\/uploads\/2014\/06\/Buffet-178x300.jpg\" alt=\"So \u00fcppig - wie immer\" width=\"178\" height=\"300\" srcset=\"https:\/\/blog.slow-mo.de\/wp-content\/uploads\/2014\/06\/Buffet-178x300.jpg 178w, https:\/\/blog.slow-mo.de\/wp-content\/uploads\/2014\/06\/Buffet.jpg 584w\" sizes=\"(max-width: 178px) 100vw, 178px\" \/><\/a><p id=\"caption-attachment-563\" class=\"wp-caption-text\">So \u00fcppig &#8211; wie immer<\/p><\/div>\n<\/div>\n<div><\/div>\n<div>Erst nach dem Essen wurde der Kreis aufgehoben, da diesmal das Festmahl ein Bestandteil des Rituals war.<\/div>\n<div>Ein rundum gelungender Tag! Dank an unseren\u00a0\u201cGrillmeister\u201d,\u00a0 Dank an die G\u00e4ste, die dabei waren und Dank an Baldur,\u00a0 f\u00fcr das trockene Wetter!!<\/div>\n<div data-signatureblock=\"true\">\n<div><\/div>\n<\/div>\n","protected":false},"excerpt":{"rendered":"<p>Am 21.6 traf sich der Asatru Stammtisch Hannover zum Fest der Sommersonnenwende auf dem Herdgrundst\u00fcck. Zahlreich fanden sich Mitglieder und geladene G\u00e4ste dort ein und es herrschte ein heiteres Durcheinander, als der Ritualplatz mit vielen bunten B\u00e4ndern geschm\u00fcckt wurde. Die &hellip; <a href=\"https:\/\/blog.slow-mo.de\/?p=556\">Weiterlesen <span class=\"meta-nav\">&rarr;<\/span><\/a><\/p>\n","protected":false},"author":1,"featured_media":0,"comment_status":"open","ping_status":"closed","sticky":false,"template":"","format":"standard","meta":[],"categories":[11],"tags":[],"_links":{"self":[{"href":"https:\/\/blog.slow-mo.de\/index.php?rest_route=\/wp\/v2\/posts\/556"}],"collection":[{"href":"https:\/\/blog.slow-mo.de\/index.php?rest_route=\/wp\/v2\/posts"}],"about":[{"href":"https:\/\/blog.slow-mo.de\/index.php?rest_route=\/wp\/v2\/types\/post"}],"author":[{"embeddable":true,"href":"https:\/\/blog.slow-mo.de\/index.php?rest_route=\/wp\/v2\/users\/1"}],"replies":[{"embeddable":true,"href":"https:\/\/blog.slow-mo.de\/index.php?rest_route=%2Fwp%2Fv2%2Fcomments&post=556"}],"version-history":[{"count":2,"href":"https:\/\/blog.slow-mo.de\/index.php?rest_route=\/wp\/v2\/posts\/556\/revisions"}],"predecessor-version":[{"id":566,"href":"https:\/\/blog.slow-mo.de\/index.php?rest_route=\/wp\/v2\/posts\/556\/revisions\/566"}],"wp:attachment":[{"href":"https:\/\/blog.slow-mo.de\/index.php?rest_route=%2Fwp%2Fv2%2Fmedia&parent=556"}],"wp:term":[{"taxonomy":"category","embeddable":true,"href":"https:\/\/blog.slow-mo.de\/index.php?rest_route=%2Fwp%2Fv2%2Fcategories&post=556"},{"taxonomy":"post_tag","embeddable":true,"href":"https:\/\/blog.slow-mo.de\/index.php?rest_route=%2Fwp%2Fv2%2Ftags&post=556"}],"curies":[{"name":"wp","href":"https:\/\/api.w.org\/{rel}","templated":true}]}}