{"id":537,"date":"2014-06-15T09:28:46","date_gmt":"2014-06-15T09:28:46","guid":{"rendered":"http:\/\/blog.slow-mo.de\/?p=537"},"modified":"2014-06-23T07:40:51","modified_gmt":"2014-06-23T07:40:51","slug":"herdgrundstueck-unterstand-reparieren","status":"publish","type":"post","link":"https:\/\/blog.slow-mo.de\/?p=537","title":{"rendered":"Herdgrundst\u00fcck &#8211; Unterstand reparieren"},"content":{"rendered":"<p>Am 14.06.2014 hat sich ein gro\u00dfer Teil des Aldsidu Honovere getroffen, um auf dem Herdgrundst\u00fcck den mittlerweile extrem zusammen gebrochenen Unterstand zu reparieren und kleinere Aufr\u00e4um- und Baum-Arbeiten vorzunehmen.<\/p>\n<p>Beim Ankommen am Grundst\u00fcck schien es fast so, als wollten die G\u00f6tter uns zeigen, warum es so wichtig ist, dass wir einen Platz zum &#8222;trocken drunter sitzen&#8220; wieder einrichten, denn es gab einen langen und kr\u00e4ftigen Schauer. Wir haben verstanden! \ud83d\ude09<\/p>\n<p>Also haben wir alle kr\u00e4ftig angepackt, mit langer Leiter, neuer Schn\u00fcrung, div. Gartenscheren, Harken, Axt und Co. bewaffnet ging es los. Und nach ein paar Stunden waren wir auch schon fertig. Das Dach &#8222;steht&#8220; bzw. h\u00e4ngt wieder, die Strohverkleidung ist wieder angebracht, es wurde ordentlich geharkt. B\u00e4ume gek\u00fcrzt, \u00c4ste, die den Weg versperrten entfernt; ja, es ist toll geworden.<\/p>\n<div id=\"attachment_551\" style=\"width: 235px\" class=\"wp-caption aligncenter\"><a href=\"http:\/\/blog.slow-mo.de\/wp-content\/uploads\/2014\/06\/IMG_20140614_155346.jpg\"><img aria-describedby=\"caption-attachment-551\" loading=\"lazy\" class=\"wp-image-551 size-medium\" src=\"http:\/\/blog.slow-mo.de\/wp-content\/uploads\/2014\/06\/IMG_20140614_155346-225x300.jpg\" alt=\"Unterstand\" width=\"225\" height=\"300\" srcset=\"https:\/\/blog.slow-mo.de\/wp-content\/uploads\/2014\/06\/IMG_20140614_155346-225x300.jpg 225w, https:\/\/blog.slow-mo.de\/wp-content\/uploads\/2014\/06\/IMG_20140614_155346.jpg 490w\" sizes=\"(max-width: 225px) 100vw, 225px\" \/><\/a><p id=\"caption-attachment-551\" class=\"wp-caption-text\">Unterstand<\/p><\/div>\n<div id=\"attachment_548\" style=\"width: 235px\" class=\"wp-caption aligncenter\"><a href=\"http:\/\/blog.slow-mo.de\/wp-content\/uploads\/2014\/06\/IMG_20140614_154041.jpg\"><img aria-describedby=\"caption-attachment-548\" loading=\"lazy\" class=\"size-medium wp-image-548\" src=\"http:\/\/blog.slow-mo.de\/wp-content\/uploads\/2014\/06\/IMG_20140614_154041-225x300.jpg\" alt=\"Langsam wird es...\" width=\"225\" height=\"300\" srcset=\"https:\/\/blog.slow-mo.de\/wp-content\/uploads\/2014\/06\/IMG_20140614_154041-225x300.jpg 225w, https:\/\/blog.slow-mo.de\/wp-content\/uploads\/2014\/06\/IMG_20140614_154041.jpg 490w\" sizes=\"(max-width: 225px) 100vw, 225px\" \/><\/a><p id=\"caption-attachment-548\" class=\"wp-caption-text\">Langsam wird es&#8230;<\/p><\/div>\n<p>N\u00e4chste Woche kommt die Sense f\u00fcr das hohe Gras zum Einsatz, daf\u00fcr war es leider zu nass. Bei n\u00e4chster Gelegenheit werden wir auch noch ordentliche Dachwellpappen aufbringen, damit es auch bei Starkregen darunter trocken bleibt. Bei den einfachen Holzbrettern kann es dann schon mal durchtr\u00f6pfeln.<\/p>\n<p>Nach getaner Arbeit wurde der Grill angefeuert und wir sa\u00dfen mit einem tollen Buffet unter unserem neuen\/alten Dach und lie\u00dfen es uns gut gehen.<\/p>\n<div id=\"attachment_552\" style=\"width: 235px\" class=\"wp-caption aligncenter\"><a href=\"http:\/\/blog.slow-mo.de\/wp-content\/uploads\/2014\/06\/IMG_20140614_155920.jpg\"><img aria-describedby=\"caption-attachment-552\" loading=\"lazy\" class=\"size-medium wp-image-552\" src=\"http:\/\/blog.slow-mo.de\/wp-content\/uploads\/2014\/06\/IMG_20140614_155920-225x300.jpg\" alt=\"Romantischer Nebel? Mitnichten... unsere Nebelmaschine war der Grill. Aber sch\u00f6n ist es trotzdem.\" width=\"225\" height=\"300\" srcset=\"https:\/\/blog.slow-mo.de\/wp-content\/uploads\/2014\/06\/IMG_20140614_155920-225x300.jpg 225w, https:\/\/blog.slow-mo.de\/wp-content\/uploads\/2014\/06\/IMG_20140614_155920.jpg 490w\" sizes=\"(max-width: 225px) 100vw, 225px\" \/><\/a><p id=\"caption-attachment-552\" class=\"wp-caption-text\">Romantischer Nebel? Mitnichten&#8230; unsere Nebelmaschine war der Grill. Aber sch\u00f6n ist es trotzdem.<\/p><\/div>\n<div id=\"attachment_550\" style=\"width: 235px\" class=\"wp-caption aligncenter\"><a href=\"http:\/\/blog.slow-mo.de\/wp-content\/uploads\/2014\/06\/IMG_20140614_155150.jpg\"><img aria-describedby=\"caption-attachment-550\" loading=\"lazy\" class=\"size-medium wp-image-550\" src=\"http:\/\/blog.slow-mo.de\/wp-content\/uploads\/2014\/06\/IMG_20140614_155150-225x300.jpg\" alt=\"Grill oder Nebelmaschine?\" width=\"225\" height=\"300\" srcset=\"https:\/\/blog.slow-mo.de\/wp-content\/uploads\/2014\/06\/IMG_20140614_155150-225x300.jpg 225w, https:\/\/blog.slow-mo.de\/wp-content\/uploads\/2014\/06\/IMG_20140614_155150.jpg 490w\" sizes=\"(max-width: 225px) 100vw, 225px\" \/><\/a><p id=\"caption-attachment-550\" class=\"wp-caption-text\">Grill oder Nebelmaschine?<\/p><\/div>\n<p>Zur Freude &#8211; vor allem der Damen &#8211; kam uns eine Jungkatze besuchen, die wurde nat\u00fcrlich wieder ausgiebig beschmust und verw\u00f6hnt.<\/p>\n<div id=\"attachment_549\" style=\"width: 310px\" class=\"wp-caption aligncenter\"><a href=\"http:\/\/blog.slow-mo.de\/wp-content\/uploads\/2014\/06\/IMG_20140614_154129.jpg\"><img aria-describedby=\"caption-attachment-549\" loading=\"lazy\" class=\"size-medium wp-image-549\" src=\"http:\/\/blog.slow-mo.de\/wp-content\/uploads\/2014\/06\/IMG_20140614_154129-300x197.jpg\" alt=\"Minimiez \" width=\"300\" height=\"197\" srcset=\"https:\/\/blog.slow-mo.de\/wp-content\/uploads\/2014\/06\/IMG_20140614_154129-300x197.jpg 300w, https:\/\/blog.slow-mo.de\/wp-content\/uploads\/2014\/06\/IMG_20140614_154129.jpg 806w\" sizes=\"(max-width: 300px) 100vw, 300px\" \/><\/a><p id=\"caption-attachment-549\" class=\"wp-caption-text\">Minimiez<\/p><\/div>\n<div id=\"attachment_547\" style=\"width: 310px\" class=\"wp-caption aligncenter\"><a href=\"http:\/\/blog.slow-mo.de\/wp-content\/uploads\/2014\/06\/Grundst\u00fcck.jpg\"><img aria-describedby=\"caption-attachment-547\" loading=\"lazy\" class=\"size-medium wp-image-547\" src=\"http:\/\/blog.slow-mo.de\/wp-content\/uploads\/2014\/06\/Grundst\u00fcck-300x176.jpg\" alt=\"So sch\u00f6n...\" width=\"300\" height=\"176\" srcset=\"https:\/\/blog.slow-mo.de\/wp-content\/uploads\/2014\/06\/Grundst\u00fcck-300x176.jpg 300w, https:\/\/blog.slow-mo.de\/wp-content\/uploads\/2014\/06\/Grundst\u00fcck-1024x603.jpg 1024w, https:\/\/blog.slow-mo.de\/wp-content\/uploads\/2014\/06\/Grundst\u00fcck.jpg 1209w\" sizes=\"(max-width: 300px) 100vw, 300px\" \/><\/a><p id=\"caption-attachment-547\" class=\"wp-caption-text\">So sch\u00f6n&#8230;<\/p><\/div>\n","protected":false},"excerpt":{"rendered":"<p>Am 14.06.2014 hat sich ein gro\u00dfer Teil des Aldsidu Honovere getroffen, um auf dem Herdgrundst\u00fcck den mittlerweile extrem zusammen gebrochenen Unterstand zu reparieren und kleinere Aufr\u00e4um- und Baum-Arbeiten vorzunehmen. Beim Ankommen am Grundst\u00fcck schien es fast so, als wollten die &hellip; <a href=\"https:\/\/blog.slow-mo.de\/?p=537\">Weiterlesen <span class=\"meta-nav\">&rarr;<\/span><\/a><\/p>\n","protected":false},"author":1,"featured_media":0,"comment_status":"open","ping_status":"closed","sticky":false,"template":"","format":"standard","meta":[],"categories":[11],"tags":[],"_links":{"self":[{"href":"https:\/\/blog.slow-mo.de\/index.php?rest_route=\/wp\/v2\/posts\/537"}],"collection":[{"href":"https:\/\/blog.slow-mo.de\/index.php?rest_route=\/wp\/v2\/posts"}],"about":[{"href":"https:\/\/blog.slow-mo.de\/index.php?rest_route=\/wp\/v2\/types\/post"}],"author":[{"embeddable":true,"href":"https:\/\/blog.slow-mo.de\/index.php?rest_route=\/wp\/v2\/users\/1"}],"replies":[{"embeddable":true,"href":"https:\/\/blog.slow-mo.de\/index.php?rest_route=%2Fwp%2Fv2%2Fcomments&post=537"}],"version-history":[{"count":11,"href":"https:\/\/blog.slow-mo.de\/index.php?rest_route=\/wp\/v2\/posts\/537\/revisions"}],"predecessor-version":[{"id":554,"href":"https:\/\/blog.slow-mo.de\/index.php?rest_route=\/wp\/v2\/posts\/537\/revisions\/554"}],"wp:attachment":[{"href":"https:\/\/blog.slow-mo.de\/index.php?rest_route=%2Fwp%2Fv2%2Fmedia&parent=537"}],"wp:term":[{"taxonomy":"category","embeddable":true,"href":"https:\/\/blog.slow-mo.de\/index.php?rest_route=%2Fwp%2Fv2%2Fcategories&post=537"},{"taxonomy":"post_tag","embeddable":true,"href":"https:\/\/blog.slow-mo.de\/index.php?rest_route=%2Fwp%2Fv2%2Ftags&post=537"}],"curies":[{"name":"wp","href":"https:\/\/api.w.org\/{rel}","templated":true}]}}