{"id":528,"date":"2014-06-03T08:55:49","date_gmt":"2014-06-03T08:55:49","guid":{"rendered":"http:\/\/blog.slow-mo.de\/?p=528"},"modified":"2014-06-03T08:55:49","modified_gmt":"2014-06-03T08:55:49","slug":"ritual-im-august-2014","status":"publish","type":"post","link":"https:\/\/blog.slow-mo.de\/?p=528","title":{"rendered":"Ritual im August 2014"},"content":{"rendered":"<p>Der Asatru- und Heiden-Stammtisch f\u00fcr Hannover und Umgebung trifft sich am<\/p>\n<p>&nbsp;<\/p>\n<p style=\"text-align: center;\">16. August 2014<\/p>\n<p>&nbsp;<\/p>\n<p>zu einem Ritual zu Ehren der Hohen ab 14 Uhr auf dem Herdgrundst\u00fcck.<\/p>\n<p>&nbsp;<\/p>\n<p>F\u00fcr R\u00fcckfragen stehe ich Euch unter lorian[et]slow-mo.de zur Verf\u00fcgung.<\/p>\n","protected":false},"excerpt":{"rendered":"<p>Der Asatru- und Heiden-Stammtisch f\u00fcr Hannover und Umgebung trifft sich am &nbsp; 16. August 2014 &nbsp; zu einem Ritual zu Ehren der Hohen ab 14 Uhr auf dem Herdgrundst\u00fcck. &nbsp; F\u00fcr R\u00fcckfragen stehe ich Euch unter lorian[et]slow-mo.de zur Verf\u00fcgung.<\/p>\n","protected":false},"author":1,"featured_media":0,"comment_status":"open","ping_status":"closed","sticky":false,"template":"","format":"standard","meta":[],"categories":[6],"tags":[],"_links":{"self":[{"href":"https:\/\/blog.slow-mo.de\/index.php?rest_route=\/wp\/v2\/posts\/528"}],"collection":[{"href":"https:\/\/blog.slow-mo.de\/index.php?rest_route=\/wp\/v2\/posts"}],"about":[{"href":"https:\/\/blog.slow-mo.de\/index.php?rest_route=\/wp\/v2\/types\/post"}],"author":[{"embeddable":true,"href":"https:\/\/blog.slow-mo.de\/index.php?rest_route=\/wp\/v2\/users\/1"}],"replies":[{"embeddable":true,"href":"https:\/\/blog.slow-mo.de\/index.php?rest_route=%2Fwp%2Fv2%2Fcomments&post=528"}],"version-history":[{"count":1,"href":"https:\/\/blog.slow-mo.de\/index.php?rest_route=\/wp\/v2\/posts\/528\/revisions"}],"predecessor-version":[{"id":529,"href":"https:\/\/blog.slow-mo.de\/index.php?rest_route=\/wp\/v2\/posts\/528\/revisions\/529"}],"wp:attachment":[{"href":"https:\/\/blog.slow-mo.de\/index.php?rest_route=%2Fwp%2Fv2%2Fmedia&parent=528"}],"wp:term":[{"taxonomy":"category","embeddable":true,"href":"https:\/\/blog.slow-mo.de\/index.php?rest_route=%2Fwp%2Fv2%2Fcategories&post=528"},{"taxonomy":"post_tag","embeddable":true,"href":"https:\/\/blog.slow-mo.de\/index.php?rest_route=%2Fwp%2Fv2%2Ftags&post=528"}],"curies":[{"name":"wp","href":"https:\/\/api.w.org\/{rel}","templated":true}]}}