{"id":524,"date":"2014-06-03T08:52:34","date_gmt":"2014-06-03T08:52:34","guid":{"rendered":"http:\/\/blog.slow-mo.de\/?p=524"},"modified":"2014-09-25T07:25:46","modified_gmt":"2014-09-25T07:25:46","slug":"herbstfest-2014","status":"publish","type":"post","link":"https:\/\/blog.slow-mo.de\/?p=524","title":{"rendered":"Herbstfest 2014"},"content":{"rendered":"<p>Der Asatru-Heiden-Stammtisch Hannover feiert am<\/p>\n<p>&nbsp;<\/p>\n<p style=\"text-align: center;\">20. September 2014<\/p>\n<p>&nbsp;<\/p>\n<p>ab 14 Uhr auf unserem Herdgrundst\u00fcck gemeinsam das Ernte- und Herbstfest<\/p>\n<p>&nbsp;<\/p>\n<p>Ihr seid herzlich eingeladen dabei zu sein!<\/p>\n<p>&nbsp;<\/p>\n<p>F\u00fcr R\u00fcckfragen wendet Euch bitte an lorian[et]slow-mo.de<\/p>\n","protected":false},"excerpt":{"rendered":"<p>Der Asatru-Heiden-Stammtisch Hannover feiert am &nbsp; 20. September 2014 &nbsp; ab 14 Uhr auf unserem Herdgrundst\u00fcck gemeinsam das Ernte- und Herbstfest &nbsp; Ihr seid herzlich eingeladen dabei zu sein! &nbsp; F\u00fcr R\u00fcckfragen wendet Euch bitte an lorian[et]slow-mo.de<\/p>\n","protected":false},"author":1,"featured_media":0,"comment_status":"open","ping_status":"closed","sticky":false,"template":"","format":"standard","meta":[],"categories":[6],"tags":[],"_links":{"self":[{"href":"https:\/\/blog.slow-mo.de\/index.php?rest_route=\/wp\/v2\/posts\/524"}],"collection":[{"href":"https:\/\/blog.slow-mo.de\/index.php?rest_route=\/wp\/v2\/posts"}],"about":[{"href":"https:\/\/blog.slow-mo.de\/index.php?rest_route=\/wp\/v2\/types\/post"}],"author":[{"embeddable":true,"href":"https:\/\/blog.slow-mo.de\/index.php?rest_route=\/wp\/v2\/users\/1"}],"replies":[{"embeddable":true,"href":"https:\/\/blog.slow-mo.de\/index.php?rest_route=%2Fwp%2Fv2%2Fcomments&post=524"}],"version-history":[{"count":1,"href":"https:\/\/blog.slow-mo.de\/index.php?rest_route=\/wp\/v2\/posts\/524\/revisions"}],"predecessor-version":[{"id":525,"href":"https:\/\/blog.slow-mo.de\/index.php?rest_route=\/wp\/v2\/posts\/524\/revisions\/525"}],"wp:attachment":[{"href":"https:\/\/blog.slow-mo.de\/index.php?rest_route=%2Fwp%2Fv2%2Fmedia&parent=524"}],"wp:term":[{"taxonomy":"category","embeddable":true,"href":"https:\/\/blog.slow-mo.de\/index.php?rest_route=%2Fwp%2Fv2%2Fcategories&post=524"},{"taxonomy":"post_tag","embeddable":true,"href":"https:\/\/blog.slow-mo.de\/index.php?rest_route=%2Fwp%2Fv2%2Ftags&post=524"}],"curies":[{"name":"wp","href":"https:\/\/api.w.org\/{rel}","templated":true}]}}