{"id":510,"date":"2014-05-19T07:54:00","date_gmt":"2014-05-19T07:54:00","guid":{"rendered":"http:\/\/blog.slow-mo.de\/?p=510"},"modified":"2014-06-03T09:15:21","modified_gmt":"2014-06-03T09:15:21","slug":"mai-ritual-zu-ehren-von-ask-und-embla","status":"publish","type":"post","link":"https:\/\/blog.slow-mo.de\/?p=510","title":{"rendered":"Mai-Ritual zu Ehren von Ask und Embla"},"content":{"rendered":"<p>Am 17.5.2014 traf sich der Herd Aldsidu Honovere zum Ritual auf dem Herdgrundst\u00fcck.<\/p>\n<p>Das Ritual galt diesmal zu Ehren unserer Urahnen Ask und Embla.<\/p>\n<p>Bei angenehmen Fr\u00fchlingswetter trafen sich f\u00fcnf Herdmitglieder, um das Ritual zu feiern.<\/p>\n<div id=\"attachment_512\" style=\"width: 178px\" class=\"wp-caption alignleft\"><a href=\"http:\/\/blog.slow-mo.de\/wp-content\/uploads\/2014\/05\/IMG-20140518-WA0008.jpg\"><img aria-describedby=\"caption-attachment-512\" loading=\"lazy\" class=\"size-medium wp-image-512\" src=\"http:\/\/blog.slow-mo.de\/wp-content\/uploads\/2014\/05\/IMG-20140518-WA0008-168x300.jpg\" alt=\"Altar - die Ahnen\" width=\"168\" height=\"300\" srcset=\"https:\/\/blog.slow-mo.de\/wp-content\/uploads\/2014\/05\/IMG-20140518-WA0008-168x300.jpg 168w, https:\/\/blog.slow-mo.de\/wp-content\/uploads\/2014\/05\/IMG-20140518-WA0008.jpg 450w\" sizes=\"(max-width: 168px) 100vw, 168px\" \/><\/a><p id=\"caption-attachment-512\" class=\"wp-caption-text\">Altar &#8211; die Ahnen<\/p><\/div>\n<div id=\"attachment_511\" style=\"width: 235px\" class=\"wp-caption alignleft\"><a href=\"http:\/\/blog.slow-mo.de\/wp-content\/uploads\/2014\/05\/IMG_20140517_153116.jpg\"><img aria-describedby=\"caption-attachment-511\" loading=\"lazy\" class=\"size-medium wp-image-511\" src=\"http:\/\/blog.slow-mo.de\/wp-content\/uploads\/2014\/05\/IMG_20140517_153116-225x300.jpg\" alt=\"Altar Ask &amp; Embla\" width=\"225\" height=\"300\" srcset=\"https:\/\/blog.slow-mo.de\/wp-content\/uploads\/2014\/05\/IMG_20140517_153116-225x300.jpg 225w, https:\/\/blog.slow-mo.de\/wp-content\/uploads\/2014\/05\/IMG_20140517_153116.jpg 735w\" sizes=\"(max-width: 225px) 100vw, 225px\" \/><\/a><p id=\"caption-attachment-511\" class=\"wp-caption-text\">Altar Ask &amp; Embla<\/p><\/div>\n<p>&nbsp;<\/p>\n<p>&nbsp;<\/p>\n<p>Der Altar war geschm\u00fcckt mit Figuren, die Ask und Embla symbolisieren sollten, sowie mit Fotos von Ahnen, die uns etwas bedeuten.<\/p>\n<p>&nbsp;<\/p>\n<p>&nbsp;<\/p>\n<p>&nbsp;<\/p>\n<p>Der Duft von feinstem\u00a0R\u00e4ucherwerk lag in der Luft und w\u00e4hrend wir so bei unseren Vorbereitungen waren, bekamen wir pl\u00f6tzlich unerwarteten Besuch in Form von Harry, einem ausgewachsenen schwarzgrauen H\u00e4ngebauchschwein!<\/p>\n<div id=\"attachment_514\" style=\"width: 310px\" class=\"wp-caption aligncenter\"><a href=\"http:\/\/blog.slow-mo.de\/wp-content\/uploads\/2014\/05\/IMG_20140517_142902.jpg\"><img aria-describedby=\"caption-attachment-514\" loading=\"lazy\" class=\"size-medium wp-image-514\" src=\"http:\/\/blog.slow-mo.de\/wp-content\/uploads\/2014\/05\/IMG_20140517_142902-300x233.jpg\" alt=\"Nanu? Wer bist Du denn?\" width=\"300\" height=\"233\" srcset=\"https:\/\/blog.slow-mo.de\/wp-content\/uploads\/2014\/05\/IMG_20140517_142902-300x233.jpg 300w, https:\/\/blog.slow-mo.de\/wp-content\/uploads\/2014\/05\/IMG_20140517_142902.jpg 616w\" sizes=\"(max-width: 300px) 100vw, 300px\" \/><\/a><p id=\"caption-attachment-514\" class=\"wp-caption-text\">Nanu? Wer bist Du denn?<\/p><\/div>\n<p>Nach einer kurzen Schrecksekunde&#8230; \u201eHuch ist das etwa ein Wildschwein?!\u201c waren alle begeistert.<\/p>\n<div id=\"attachment_515\" style=\"width: 310px\" class=\"wp-caption aligncenter\"><a href=\"http:\/\/blog.slow-mo.de\/wp-content\/uploads\/2014\/05\/IMG_20140517_142916.jpg\"><img aria-describedby=\"caption-attachment-515\" loading=\"lazy\" class=\"size-medium wp-image-515\" src=\"http:\/\/blog.slow-mo.de\/wp-content\/uploads\/2014\/05\/IMG_20140517_142916-300x225.jpg\" alt=\"Harry geht wieder\" width=\"300\" height=\"225\" srcset=\"https:\/\/blog.slow-mo.de\/wp-content\/uploads\/2014\/05\/IMG_20140517_142916-300x225.jpg 300w, https:\/\/blog.slow-mo.de\/wp-content\/uploads\/2014\/05\/IMG_20140517_142916.jpg 664w\" sizes=\"(max-width: 300px) 100vw, 300px\" \/><\/a><p id=\"caption-attachment-515\" class=\"wp-caption-text\">Harry geht wieder<\/p><\/div>\n<p>Harrys Herrchen kam kurz darauf grinsend hinterher, um seinen ausgeb\u00fcchsten, vierbeinigen\u00a0Kumpel nach Hause zu holen. Harry trottete brav hinter Herrchen her,\u00a0 aber erst, nachdem er sich\u00a0 ausreichend Bewunderungen und Streicheleinheiten abgeholt hatte und zum Dank\u00a0als Fotomodel zur Verf\u00fcgung stand.<\/p>\n<div id=\"attachment_513\" style=\"width: 310px\" class=\"wp-caption aligncenter\"><a href=\"http:\/\/blog.slow-mo.de\/wp-content\/uploads\/2014\/05\/IMG_20140517_120342.jpg\"><img aria-describedby=\"caption-attachment-513\" loading=\"lazy\" class=\"wp-image-513 size-medium\" src=\"http:\/\/blog.slow-mo.de\/wp-content\/uploads\/2014\/05\/IMG_20140517_120342-300x259.jpg\" alt=\"Kranz\" width=\"300\" height=\"259\" srcset=\"https:\/\/blog.slow-mo.de\/wp-content\/uploads\/2014\/05\/IMG_20140517_120342-300x259.jpg 300w, https:\/\/blog.slow-mo.de\/wp-content\/uploads\/2014\/05\/IMG_20140517_120342.jpg 634w\" sizes=\"(max-width: 300px) 100vw, 300px\" \/><\/a><p id=\"caption-attachment-513\" class=\"wp-caption-text\">Kranz<\/p><\/div>\n<div id=\"attachment_516\" style=\"width: 310px\" class=\"wp-caption aligncenter\"><a href=\"http:\/\/blog.slow-mo.de\/wp-content\/uploads\/2014\/05\/IMG_20140517_144421.jpg\"><img aria-describedby=\"caption-attachment-516\" loading=\"lazy\" class=\"wp-image-516 size-medium\" src=\"http:\/\/blog.slow-mo.de\/wp-content\/uploads\/2014\/05\/IMG_20140517_144421-300x225.jpg\" alt=\"Herdfeuer\" width=\"300\" height=\"225\" srcset=\"https:\/\/blog.slow-mo.de\/wp-content\/uploads\/2014\/05\/IMG_20140517_144421-300x225.jpg 300w, https:\/\/blog.slow-mo.de\/wp-content\/uploads\/2014\/05\/IMG_20140517_144421.jpg 980w\" sizes=\"(max-width: 300px) 100vw, 300px\" \/><\/a><p id=\"caption-attachment-516\" class=\"wp-caption-text\">Herdfeuer<\/p><\/div>\n<p>Das Ritual begann und die Ritualleiterin erz\u00e4hlte uns die Geschichte vom Anbeginn, von den ersten Menschen Ask und Embla (Esche und Ulme), die von den G\u00f6ttern der Sage nach aus den genannten H\u00f6lzern, die sie am Strand gefunden hatten, erschaffen worden waren.<\/p>\n<p>Wir gingen in Gedanken zur\u00fcck an den Anfang aller Dinge, an den Anfang des Lebens. Es wurde gesagt, dass es immer wieder einen Anfang gibt und immer wieder die Chance, neu zu beginnen.<\/p>\n<p>Auch wurde uns bewusst, dass Familie nicht nur die Menschen sind, mit denen uns das Blut verbindet, sondern auch die Menschen, die uns im Geiste verbunden sind!<\/p>\n<p>Es war ein eher stilles Ritual, was uns in der Tiefe ber\u00fchrt hat&#8230;ergreifend und sch\u00f6n!<\/p>\n<div id=\"attachment_517\" style=\"width: 310px\" class=\"wp-caption aligncenter\"><a href=\"http:\/\/blog.slow-mo.de\/wp-content\/uploads\/2014\/05\/IMG_20140517_150500.jpg\"><img aria-describedby=\"caption-attachment-517\" loading=\"lazy\" class=\"wp-image-517 size-medium\" src=\"http:\/\/blog.slow-mo.de\/wp-content\/uploads\/2014\/05\/IMG_20140517_150500-300x157.jpg\" alt=\"Freya besuchte uns auch wieder\" width=\"300\" height=\"157\" srcset=\"https:\/\/blog.slow-mo.de\/wp-content\/uploads\/2014\/05\/IMG_20140517_150500-300x157.jpg 300w, https:\/\/blog.slow-mo.de\/wp-content\/uploads\/2014\/05\/IMG_20140517_150500.jpg 794w\" sizes=\"(max-width: 300px) 100vw, 300px\" \/><\/a><p id=\"caption-attachment-517\" class=\"wp-caption-text\">Freya besuchte uns auch wieder<\/p><\/div>\n<p>Nachdem den Wesen des Platzes gedankt worden war, lie\u00dfen wir es uns wie immer mit mitgebrachten Snacks bei leichtem Wind und der goldenen Nachmittagssonne gutgehen.<\/p>\n<p>Nach gut vier Stunden verabschiedeten wir uns voneinander und freuen uns auf das n\u00e4chste Mal.<\/p>\n<p>Auf die Sonnenwendfeier!<\/p>\n<p>&nbsp;<\/p>\n","protected":false},"excerpt":{"rendered":"<p>Am 17.5.2014 traf sich der Herd Aldsidu Honovere zum Ritual auf dem Herdgrundst\u00fcck. Das Ritual galt diesmal zu Ehren unserer Urahnen Ask und Embla. Bei angenehmen Fr\u00fchlingswetter trafen sich f\u00fcnf Herdmitglieder, um das Ritual zu feiern. &nbsp; &nbsp; Der Altar &hellip; <a href=\"https:\/\/blog.slow-mo.de\/?p=510\">Weiterlesen <span class=\"meta-nav\">&rarr;<\/span><\/a><\/p>\n","protected":false},"author":1,"featured_media":0,"comment_status":"open","ping_status":"closed","sticky":false,"template":"","format":"standard","meta":[],"categories":[11],"tags":[],"_links":{"self":[{"href":"https:\/\/blog.slow-mo.de\/index.php?rest_route=\/wp\/v2\/posts\/510"}],"collection":[{"href":"https:\/\/blog.slow-mo.de\/index.php?rest_route=\/wp\/v2\/posts"}],"about":[{"href":"https:\/\/blog.slow-mo.de\/index.php?rest_route=\/wp\/v2\/types\/post"}],"author":[{"embeddable":true,"href":"https:\/\/blog.slow-mo.de\/index.php?rest_route=\/wp\/v2\/users\/1"}],"replies":[{"embeddable":true,"href":"https:\/\/blog.slow-mo.de\/index.php?rest_route=%2Fwp%2Fv2%2Fcomments&post=510"}],"version-history":[{"count":1,"href":"https:\/\/blog.slow-mo.de\/index.php?rest_route=\/wp\/v2\/posts\/510\/revisions"}],"predecessor-version":[{"id":518,"href":"https:\/\/blog.slow-mo.de\/index.php?rest_route=\/wp\/v2\/posts\/510\/revisions\/518"}],"wp:attachment":[{"href":"https:\/\/blog.slow-mo.de\/index.php?rest_route=%2Fwp%2Fv2%2Fmedia&parent=510"}],"wp:term":[{"taxonomy":"category","embeddable":true,"href":"https:\/\/blog.slow-mo.de\/index.php?rest_route=%2Fwp%2Fv2%2Fcategories&post=510"},{"taxonomy":"post_tag","embeddable":true,"href":"https:\/\/blog.slow-mo.de\/index.php?rest_route=%2Fwp%2Fv2%2Ftags&post=510"}],"curies":[{"name":"wp","href":"https:\/\/api.w.org\/{rel}","templated":true}]}}