{"id":464,"date":"2014-03-31T06:57:02","date_gmt":"2014-03-31T06:57:02","guid":{"rendered":"http:\/\/blog.slow-mo.de\/?p=464"},"modified":"2014-04-17T07:35:22","modified_gmt":"2014-04-17T07:35:22","slug":"ritual-am-22-03-2014-zu-ehren-von-idun","status":"publish","type":"post","link":"https:\/\/blog.slow-mo.de\/?p=464","title":{"rendered":"Ritual am 22.03.2014 zu Ehren von Idun"},"content":{"rendered":"<p>Am 22.03.2014 hat der Heiden-Stammtisch aus Hannover ein Ritual zu Ehren von Idun abgehalten.<\/p>\n<div id=\"attachment_465\" style=\"width: 310px\" class=\"wp-caption aligncenter\"><a href=\"http:\/\/blog.slow-mo.de\/wp-content\/uploads\/2014\/03\/Altar.jpg\"><img aria-describedby=\"caption-attachment-465\" loading=\"lazy\" class=\"size-medium wp-image-465\" alt=\"Altar zu Ehren von Idun\" src=\"http:\/\/blog.slow-mo.de\/wp-content\/uploads\/2014\/03\/Altar-300x225.jpg\" width=\"300\" height=\"225\" srcset=\"https:\/\/blog.slow-mo.de\/wp-content\/uploads\/2014\/03\/Altar-300x225.jpg 300w, https:\/\/blog.slow-mo.de\/wp-content\/uploads\/2014\/03\/Altar.jpg 864w\" sizes=\"(max-width: 300px) 100vw, 300px\" \/><\/a><p id=\"caption-attachment-465\" class=\"wp-caption-text\">Altar zu Ehren von Idun<\/p><\/div>\n<p>Das Wetter spielte wie immer mit. Angenehme Temperaturen, ein leichter Wind und etwas Sonne erwarteten uns. Ein sich vorsichtig vortastender Fr\u00fchling, passend zum Ritual.<\/p>\n<p>Es ging um Fr\u00fchlingserwachen, um den Neubeginn nach einem diesmal nicht ganz so langen und dunklen Winter. Das was wir zu Hel in die Dunkelheit geschickt hatten, damit es dort zur Ruhe kommen und sich sammeln kann, wird nunmehr langsam hervorgeholt. Ein Samen der in noch in der Erde ruht, doch langsam aufbricht und sich mit zartem Gr\u00fcn der h\u00f6her steigenden Sonne entgegenreckt.<\/p>\n<p>Daher wurden symbolisch Samen an jeden Teilnehmer verteilt, die nun an welcher Stelle auch immer aufgehen d\u00fcrfen.<\/p>\n<p>Die G\u00f6ttin Idun symblolisiert mit ihren goldenen \u00c4pfeln Jugend und Sch\u00f6nheit und wer m\u00f6chte nicht jede Menge davon! Daher erhielt auch jeder Teilnehmer einen dieser Kostbarkeiten.<\/p>\n<p>Dementsprechend war auch der Altar geschm\u00fcckt. Auf und um den Altar prangte es nur so von Fr\u00fchlingsblumen, \u00c4pfeln in gold und naturbelassen, bunte Ostaraeier, Elfenfiguren und allerlei pers\u00f6nlichen Kleinoden, die f\u00fcr die Mitglieder symbolisch sind.<\/p>\n<div id=\"attachment_467\" style=\"width: 310px\" class=\"wp-caption aligncenter\"><a href=\"http:\/\/blog.slow-mo.de\/wp-content\/uploads\/2014\/03\/Altar_Detail.jpg\"><img aria-describedby=\"caption-attachment-467\" loading=\"lazy\" class=\"size-medium wp-image-467\" alt=\"Opfergaben\" src=\"http:\/\/blog.slow-mo.de\/wp-content\/uploads\/2014\/03\/Altar_Detail-300x225.jpg\" width=\"300\" height=\"225\" srcset=\"https:\/\/blog.slow-mo.de\/wp-content\/uploads\/2014\/03\/Altar_Detail-300x225.jpg 300w, https:\/\/blog.slow-mo.de\/wp-content\/uploads\/2014\/03\/Altar_Detail.jpg 864w\" sizes=\"(max-width: 300px) 100vw, 300px\" \/><\/a><p id=\"caption-attachment-467\" class=\"wp-caption-text\">Opfergaben<\/p><\/div>\n<div id=\"attachment_466\" style=\"width: 310px\" class=\"wp-caption aligncenter\"><a href=\"http:\/\/blog.slow-mo.de\/wp-content\/uploads\/2014\/03\/Altar_Detail_2.jpg\"><img aria-describedby=\"caption-attachment-466\" loading=\"lazy\" class=\"size-medium wp-image-466\" alt=\"Geschenke und Opfergaben\" src=\"http:\/\/blog.slow-mo.de\/wp-content\/uploads\/2014\/03\/Altar_Detail_2-300x225.jpg\" width=\"300\" height=\"225\" srcset=\"https:\/\/blog.slow-mo.de\/wp-content\/uploads\/2014\/03\/Altar_Detail_2-300x225.jpg 300w, https:\/\/blog.slow-mo.de\/wp-content\/uploads\/2014\/03\/Altar_Detail_2.jpg 864w\" sizes=\"(max-width: 300px) 100vw, 300px\" \/><\/a><p id=\"caption-attachment-466\" class=\"wp-caption-text\">Geschenke und Opfergaben<\/p><\/div>\n<p>Die Stimmung war feierlich und fr\u00f6hlich.<\/p>\n<p>Am Ende der Opferrunden, unmittelbar nachdem der letzte Trommelschlag verklungen war, gab es einen lauten Knall im Feuer.<\/p>\n<div id=\"attachment_471\" style=\"width: 310px\" class=\"wp-caption aligncenter\"><a href=\"http:\/\/blog.slow-mo.de\/wp-content\/uploads\/2014\/03\/Feuer.jpg\"><img aria-describedby=\"caption-attachment-471\" loading=\"lazy\" class=\"size-medium wp-image-471 \" alt=\"Opferfeuer\" src=\"http:\/\/blog.slow-mo.de\/wp-content\/uploads\/2014\/03\/Feuer-300x112.jpg\" width=\"300\" height=\"112\" srcset=\"https:\/\/blog.slow-mo.de\/wp-content\/uploads\/2014\/03\/Feuer-300x112.jpg 300w, https:\/\/blog.slow-mo.de\/wp-content\/uploads\/2014\/03\/Feuer-1024x383.jpg 1024w, https:\/\/blog.slow-mo.de\/wp-content\/uploads\/2014\/03\/Feuer.jpg 1212w\" sizes=\"(max-width: 300px) 100vw, 300px\" \/><\/a><p id=\"caption-attachment-471\" class=\"wp-caption-text\">Opferfeuer<\/p><\/div>\n<p>Wow!! Unsere Opfer waren willkommen und wurden angenommen!! So mag es ein Zeichen der G\u00f6ttin gewesen sein oder des stets anwesenden, allseits beliebten Thor!<\/p>\n<p>Nach diesem tollen, intensiven Ritual fanden wir dank unseres Grillmeisters (Vielen Dank daf\u00fcr nochmal!) ,einen perfekt angefeuerten Grill vor und so hatten wir noch einen sch\u00f6nen Nachmittag bei leckerem Grillgut und allerlei mitgebrachten K\u00f6stlichkeiten!<\/p>\n<p>Ein gelungener Tag!!<\/p>\n<div id=\"attachment_470\" style=\"width: 310px\" class=\"wp-caption aligncenter\"><a href=\"http:\/\/blog.slow-mo.de\/wp-content\/uploads\/2014\/03\/Miezen.jpg\"><img aria-describedby=\"caption-attachment-470\" loading=\"lazy\" class=\"size-medium wp-image-470  \" alt=\"Freya und Bertha\" src=\"http:\/\/blog.slow-mo.de\/wp-content\/uploads\/2014\/03\/Miezen-300x176.jpg\" width=\"300\" height=\"176\" srcset=\"https:\/\/blog.slow-mo.de\/wp-content\/uploads\/2014\/03\/Miezen-300x176.jpg 300w, https:\/\/blog.slow-mo.de\/wp-content\/uploads\/2014\/03\/Miezen-1024x602.jpg 1024w, https:\/\/blog.slow-mo.de\/wp-content\/uploads\/2014\/03\/Miezen.jpg 1025w\" sizes=\"(max-width: 300px) 100vw, 300px\" \/><\/a><p id=\"caption-attachment-470\" class=\"wp-caption-text\">Freya und Bertha<\/p><\/div>\n","protected":false},"excerpt":{"rendered":"<p>Am 22.03.2014 hat der Heiden-Stammtisch aus Hannover ein Ritual zu Ehren von Idun abgehalten. Das Wetter spielte wie immer mit. Angenehme Temperaturen, ein leichter Wind und etwas Sonne erwarteten uns. Ein sich vorsichtig vortastender Fr\u00fchling, passend zum Ritual. Es ging &hellip; <a href=\"https:\/\/blog.slow-mo.de\/?p=464\">Weiterlesen <span class=\"meta-nav\">&rarr;<\/span><\/a><\/p>\n","protected":false},"author":1,"featured_media":0,"comment_status":"open","ping_status":"closed","sticky":false,"template":"","format":"standard","meta":[],"categories":[11],"tags":[],"_links":{"self":[{"href":"https:\/\/blog.slow-mo.de\/index.php?rest_route=\/wp\/v2\/posts\/464"}],"collection":[{"href":"https:\/\/blog.slow-mo.de\/index.php?rest_route=\/wp\/v2\/posts"}],"about":[{"href":"https:\/\/blog.slow-mo.de\/index.php?rest_route=\/wp\/v2\/types\/post"}],"author":[{"embeddable":true,"href":"https:\/\/blog.slow-mo.de\/index.php?rest_route=\/wp\/v2\/users\/1"}],"replies":[{"embeddable":true,"href":"https:\/\/blog.slow-mo.de\/index.php?rest_route=%2Fwp%2Fv2%2Fcomments&post=464"}],"version-history":[{"count":2,"href":"https:\/\/blog.slow-mo.de\/index.php?rest_route=\/wp\/v2\/posts\/464\/revisions"}],"predecessor-version":[{"id":493,"href":"https:\/\/blog.slow-mo.de\/index.php?rest_route=\/wp\/v2\/posts\/464\/revisions\/493"}],"wp:attachment":[{"href":"https:\/\/blog.slow-mo.de\/index.php?rest_route=%2Fwp%2Fv2%2Fmedia&parent=464"}],"wp:term":[{"taxonomy":"category","embeddable":true,"href":"https:\/\/blog.slow-mo.de\/index.php?rest_route=%2Fwp%2Fv2%2Fcategories&post=464"},{"taxonomy":"post_tag","embeddable":true,"href":"https:\/\/blog.slow-mo.de\/index.php?rest_route=%2Fwp%2Fv2%2Ftags&post=464"}],"curies":[{"name":"wp","href":"https:\/\/api.w.org\/{rel}","templated":true}]}}