{"id":411,"date":"2013-12-30T17:48:16","date_gmt":"2013-12-30T17:48:16","guid":{"rendered":"http:\/\/blog.slow-mo.de\/?p=411"},"modified":"2014-01-13T10:41:18","modified_gmt":"2014-01-13T10:41:18","slug":"julfest-2013-2","status":"publish","type":"post","link":"https:\/\/blog.slow-mo.de\/?p=411","title":{"rendered":"Julfest 2013"},"content":{"rendered":"<p>&nbsp;<\/p>\n<div id=\"attachment_413\" style=\"width: 310px\" class=\"wp-caption aligncenter\"><a href=\"http:\/\/blog.slow-mo.de\/wp-content\/uploads\/2013\/12\/Jul_Altar.jpg\"><img aria-describedby=\"caption-attachment-413\" loading=\"lazy\" class=\"size-medium wp-image-413\" alt=\"Skadis Altar\" src=\"http:\/\/blog.slow-mo.de\/wp-content\/uploads\/2013\/12\/Jul_Altar-300x200.jpg\" width=\"300\" height=\"200\" srcset=\"https:\/\/blog.slow-mo.de\/wp-content\/uploads\/2013\/12\/Jul_Altar-300x200.jpg 300w, https:\/\/blog.slow-mo.de\/wp-content\/uploads\/2013\/12\/Jul_Altar-1024x684.jpg 1024w, https:\/\/blog.slow-mo.de\/wp-content\/uploads\/2013\/12\/Jul_Altar.jpg 1280w\" sizes=\"(max-width: 300px) 100vw, 300px\" \/><\/a><p id=\"caption-attachment-413\" class=\"wp-caption-text\">Skadis Altar<\/p><\/div>\n<p>Ein Jahr ist wieder um, wir feierten die l\u00e4ngste Nacht, Wintersonnenwendfeier, was f\u00fcr ein kraftvoller Tag. Und dann kommt auch schon die Zeit &#8222;zwischen den Jahren&#8220;, die Raun\u00e4chte. Dieses Jahr zog die Wilde Jagd vom ersten Tag an kraftvoll und wild \u00fcber das Land.<\/p>\n<p>Der Asatru Herd Hannover konnten wegen allgemeiner Terminschwierigkeiten erst am 28.\/29.12. feiern. Trotz allem fanden sich 12 Leute ein, denn es lockten gute Gespr\u00e4che, ein Ritual zu Ehren von Skadi und nat\u00fcrlich ein leckerer Krustenbraten und ein reich gedecktes Buffet.<\/p>\n<div id=\"attachment_412\" style=\"width: 310px\" class=\"wp-caption aligncenter\"><a href=\"http:\/\/blog.slow-mo.de\/wp-content\/uploads\/2013\/12\/Jul.jpg\"><img aria-describedby=\"caption-attachment-412\" loading=\"lazy\" class=\"size-medium wp-image-412\" alt=\"Der Krustenbraten dreht sich. \" src=\"http:\/\/blog.slow-mo.de\/wp-content\/uploads\/2013\/12\/Jul-300x225.jpg\" width=\"300\" height=\"225\" srcset=\"https:\/\/blog.slow-mo.de\/wp-content\/uploads\/2013\/12\/Jul-300x225.jpg 300w, https:\/\/blog.slow-mo.de\/wp-content\/uploads\/2013\/12\/Jul.jpg 864w\" sizes=\"(max-width: 300px) 100vw, 300px\" \/><\/a><p id=\"caption-attachment-412\" class=\"wp-caption-text\">Der Krustenbraten dreht sich schon.<\/p><\/div>\n<div id=\"attachment_415\" style=\"width: 310px\" class=\"wp-caption aligncenter\"><a href=\"http:\/\/blog.slow-mo.de\/wp-content\/uploads\/2013\/12\/Jul_Braten.jpg\"><img aria-describedby=\"caption-attachment-415\" loading=\"lazy\" class=\"size-medium wp-image-415\" alt=\"Es schmeckt...\" src=\"http:\/\/blog.slow-mo.de\/wp-content\/uploads\/2013\/12\/Jul_Braten-300x147.jpg\" width=\"300\" height=\"147\" srcset=\"https:\/\/blog.slow-mo.de\/wp-content\/uploads\/2013\/12\/Jul_Braten-300x147.jpg 300w, https:\/\/blog.slow-mo.de\/wp-content\/uploads\/2013\/12\/Jul_Braten.jpg 1023w\" sizes=\"(max-width: 300px) 100vw, 300px\" \/><\/a><p id=\"caption-attachment-415\" class=\"wp-caption-text\">Es schmeckt wirklich k\u00f6stlich!<\/p><\/div>\n<p>Die Gespr\u00e4che zogen sich bis in den fr\u00fchen Morgen hin, und es waren wirklich gute Gespr\u00e4che \ud83d\ude42<\/p>\n<p>Heil Dir Skadi, G\u00f6ttin der Jagd, der Berge, des Schnees und des Winters! Noch hast Du den Weg nicht zu uns gefunden, wir rechnen aber fest mit Dir und erheben dann sicher ein weiteres Horn zu Deinen Ehren.<\/p>\n<div id=\"attachment_414\" style=\"width: 310px\" class=\"wp-caption aligncenter\"><a href=\"http:\/\/blog.slow-mo.de\/wp-content\/uploads\/2013\/12\/Jul_Altar_klein.jpg\"><img aria-describedby=\"caption-attachment-414\" loading=\"lazy\" class=\"size-medium wp-image-414\" alt=\"Detailansicht\" src=\"http:\/\/blog.slow-mo.de\/wp-content\/uploads\/2013\/12\/Jul_Altar_klein-300x200.jpg\" width=\"300\" height=\"200\" srcset=\"https:\/\/blog.slow-mo.de\/wp-content\/uploads\/2013\/12\/Jul_Altar_klein-300x200.jpg 300w, https:\/\/blog.slow-mo.de\/wp-content\/uploads\/2013\/12\/Jul_Altar_klein-1024x684.jpg 1024w, https:\/\/blog.slow-mo.de\/wp-content\/uploads\/2013\/12\/Jul_Altar_klein.jpg 1280w\" sizes=\"(max-width: 300px) 100vw, 300px\" \/><\/a><p id=\"caption-attachment-414\" class=\"wp-caption-text\">Detailansicht<\/p><\/div>\n<p>Danke den Gastgebern, danke allen, die geholfen haben, dass es ein gutes Fest wurde, danke f\u00fcr liebe G\u00e4ste, danke an den flei\u00dfigen Wichtel, der so fr\u00fch alles aufger\u00e4umt hat und danke den G\u00f6ttern!<\/p>\n<p>Jeder Teilnehmer bekam am Ende des Rituals einen kleinen Julwichtel f\u00fcr Zuhause &#8211; passt gut auf sie auf!<\/p>\n<div id=\"attachment_416\" style=\"width: 310px\" class=\"wp-caption aligncenter\"><a href=\"http:\/\/blog.slow-mo.de\/wp-content\/uploads\/2013\/12\/Jul_Geschenke.jpg\"><img aria-describedby=\"caption-attachment-416\" loading=\"lazy\" class=\"size-medium wp-image-416\" alt=\"Julwichtel\" src=\"http:\/\/blog.slow-mo.de\/wp-content\/uploads\/2013\/12\/Jul_Geschenke-300x225.jpg\" width=\"300\" height=\"225\" srcset=\"https:\/\/blog.slow-mo.de\/wp-content\/uploads\/2013\/12\/Jul_Geschenke-300x225.jpg 300w, https:\/\/blog.slow-mo.de\/wp-content\/uploads\/2013\/12\/Jul_Geschenke.jpg 648w\" sizes=\"(max-width: 300px) 100vw, 300px\" \/><\/a><p id=\"caption-attachment-416\" class=\"wp-caption-text\">Julwichtel<\/p><\/div>\n","protected":false},"excerpt":{"rendered":"<p>&nbsp; Ein Jahr ist wieder um, wir feierten die l\u00e4ngste Nacht, Wintersonnenwendfeier, was f\u00fcr ein kraftvoller Tag. Und dann kommt auch schon die Zeit &#8222;zwischen den Jahren&#8220;, die Raun\u00e4chte. Dieses Jahr zog die Wilde Jagd vom ersten Tag an kraftvoll &hellip; <a href=\"https:\/\/blog.slow-mo.de\/?p=411\">Weiterlesen <span class=\"meta-nav\">&rarr;<\/span><\/a><\/p>\n","protected":false},"author":1,"featured_media":0,"comment_status":"open","ping_status":"closed","sticky":false,"template":"","format":"standard","meta":[],"categories":[11],"tags":[],"_links":{"self":[{"href":"https:\/\/blog.slow-mo.de\/index.php?rest_route=\/wp\/v2\/posts\/411"}],"collection":[{"href":"https:\/\/blog.slow-mo.de\/index.php?rest_route=\/wp\/v2\/posts"}],"about":[{"href":"https:\/\/blog.slow-mo.de\/index.php?rest_route=\/wp\/v2\/types\/post"}],"author":[{"embeddable":true,"href":"https:\/\/blog.slow-mo.de\/index.php?rest_route=\/wp\/v2\/users\/1"}],"replies":[{"embeddable":true,"href":"https:\/\/blog.slow-mo.de\/index.php?rest_route=%2Fwp%2Fv2%2Fcomments&post=411"}],"version-history":[{"count":2,"href":"https:\/\/blog.slow-mo.de\/index.php?rest_route=\/wp\/v2\/posts\/411\/revisions"}],"predecessor-version":[{"id":418,"href":"https:\/\/blog.slow-mo.de\/index.php?rest_route=\/wp\/v2\/posts\/411\/revisions\/418"}],"wp:attachment":[{"href":"https:\/\/blog.slow-mo.de\/index.php?rest_route=%2Fwp%2Fv2%2Fmedia&parent=411"}],"wp:term":[{"taxonomy":"category","embeddable":true,"href":"https:\/\/blog.slow-mo.de\/index.php?rest_route=%2Fwp%2Fv2%2Fcategories&post=411"},{"taxonomy":"post_tag","embeddable":true,"href":"https:\/\/blog.slow-mo.de\/index.php?rest_route=%2Fwp%2Fv2%2Ftags&post=411"}],"curies":[{"name":"wp","href":"https:\/\/api.w.org\/{rel}","templated":true}]}}