{"id":390,"date":"2013-12-26T20:18:37","date_gmt":"2013-12-26T20:18:37","guid":{"rendered":"http:\/\/blog.slow-mo.de\/?p=390"},"modified":"2014-02-20T09:49:52","modified_gmt":"2014-02-20T09:49:52","slug":"februar-ritual","status":"publish","type":"post","link":"https:\/\/blog.slow-mo.de\/?p=390","title":{"rendered":"Februar Ritual"},"content":{"rendered":"<p>Der Asatru Stammtisch aus Hannover feiert am<\/p>\n<p>&nbsp;<\/p>\n<p style=\"text-align: center;\">15. Februar 2014 &#8211; ab 14 Uhr &#8211;<\/p>\n<p>&nbsp;<\/p>\n<p>auf unserem Herdgrundst\u00fcck das gemeinsame Monatsritual.<\/p>\n<p>Wir feiern zu Ehren von Frigg.<\/p>\n<p>&nbsp;<\/p>\n<p>F\u00fcr R\u00fcckfragen, Anfahrtsinfos etc. schreibt einfach an lorian[et]slow-mo.de<\/p>\n","protected":false},"excerpt":{"rendered":"<p>Der Asatru Stammtisch aus Hannover feiert am &nbsp; 15. Februar 2014 &#8211; ab 14 Uhr &#8211; &nbsp; auf unserem Herdgrundst\u00fcck das gemeinsame Monatsritual. Wir feiern zu Ehren von Frigg. &nbsp; F\u00fcr R\u00fcckfragen, Anfahrtsinfos etc. schreibt einfach an lorian[et]slow-mo.de<\/p>\n","protected":false},"author":1,"featured_media":0,"comment_status":"open","ping_status":"closed","sticky":false,"template":"","format":"standard","meta":[],"categories":[6],"tags":[],"_links":{"self":[{"href":"https:\/\/blog.slow-mo.de\/index.php?rest_route=\/wp\/v2\/posts\/390"}],"collection":[{"href":"https:\/\/blog.slow-mo.de\/index.php?rest_route=\/wp\/v2\/posts"}],"about":[{"href":"https:\/\/blog.slow-mo.de\/index.php?rest_route=\/wp\/v2\/types\/post"}],"author":[{"embeddable":true,"href":"https:\/\/blog.slow-mo.de\/index.php?rest_route=\/wp\/v2\/users\/1"}],"replies":[{"embeddable":true,"href":"https:\/\/blog.slow-mo.de\/index.php?rest_route=%2Fwp%2Fv2%2Fcomments&post=390"}],"version-history":[{"count":2,"href":"https:\/\/blog.slow-mo.de\/index.php?rest_route=\/wp\/v2\/posts\/390\/revisions"}],"predecessor-version":[{"id":439,"href":"https:\/\/blog.slow-mo.de\/index.php?rest_route=\/wp\/v2\/posts\/390\/revisions\/439"}],"wp:attachment":[{"href":"https:\/\/blog.slow-mo.de\/index.php?rest_route=%2Fwp%2Fv2%2Fmedia&parent=390"}],"wp:term":[{"taxonomy":"category","embeddable":true,"href":"https:\/\/blog.slow-mo.de\/index.php?rest_route=%2Fwp%2Fv2%2Fcategories&post=390"},{"taxonomy":"post_tag","embeddable":true,"href":"https:\/\/blog.slow-mo.de\/index.php?rest_route=%2Fwp%2Fv2%2Ftags&post=390"}],"curies":[{"name":"wp","href":"https:\/\/api.w.org\/{rel}","templated":true}]}}