{"id":280,"date":"2012-03-21T11:49:20","date_gmt":"2012-03-21T11:49:20","guid":{"rendered":"http:\/\/blog.slow-mo.de\/?p=280"},"modified":"2015-12-01T16:39:15","modified_gmt":"2015-12-01T16:39:15","slug":"280","status":"publish","type":"post","link":"https:\/\/blog.slow-mo.de\/?p=280","title":{"rendered":"Ostara 2012"},"content":{"rendered":"<p>Was f\u00fcr ein traumhaftes Wetter &#8211; Sonne satt! Den G\u00f6ttern sei Dank!<\/p>\n<p>Ich bin schon vor 8 Uhr auf, habe Eier gef\u00e4rbt, Teig gemacht, w\u00e4hrend der ruhte, Sachen f\u00fcr den Kranz besorgt, Teignester geflochten und gebacken und ab zum Grundst\u00fcck.<\/p>\n<div id=\"attachment_283\" style=\"width: 310px\" class=\"wp-caption aligncenter\"><a href=\"http:\/\/blog.slow-mo.de\/wp-content\/uploads\/2013\/08\/Nester.jpg\"><img aria-describedby=\"caption-attachment-283\" loading=\"lazy\" class=\"size-medium wp-image-283\" src=\"http:\/\/blog.slow-mo.de\/wp-content\/uploads\/2013\/08\/Nester-300x224.jpg\" alt=\"Nester und Eier\" width=\"300\" height=\"224\" srcset=\"https:\/\/blog.slow-mo.de\/wp-content\/uploads\/2013\/08\/Nester-300x224.jpg 300w, https:\/\/blog.slow-mo.de\/wp-content\/uploads\/2013\/08\/Nester.jpg 863w\" sizes=\"(max-width: 300px) 100vw, 300px\" \/><\/a><p id=\"caption-attachment-283\" class=\"wp-caption-text\">Nester und Eier<\/p><\/div>\n<p>Gestern und vorgestern habe ich die Geschenke vorbereitet. F\u00fcr jeden einen kleinen Pocket-Altar, mit einer Kerze, einem Opfer (Sonnenblumensamen) und einer Fr\u00fchlingsg\u00f6ttin-Figur, alles in handbeklebten Streichholzschachteln. Das hat Spa\u00df gemacht!<\/p>\n<div id=\"attachment_284\" style=\"width: 310px\" class=\"wp-caption aligncenter\"><a href=\"http:\/\/blog.slow-mo.de\/wp-content\/uploads\/2013\/08\/Geschenk.jpg\"><img aria-describedby=\"caption-attachment-284\" loading=\"lazy\" class=\"size-medium wp-image-284\" src=\"http:\/\/blog.slow-mo.de\/wp-content\/uploads\/2013\/08\/Geschenk-300x224.jpg\" alt=\"Geschenke\" width=\"300\" height=\"224\" srcset=\"https:\/\/blog.slow-mo.de\/wp-content\/uploads\/2013\/08\/Geschenk-300x224.jpg 300w, https:\/\/blog.slow-mo.de\/wp-content\/uploads\/2013\/08\/Geschenk.jpg 863w\" sizes=\"(max-width: 300px) 100vw, 300px\" \/><\/a><p id=\"caption-attachment-284\" class=\"wp-caption-text\">Geschenke<\/p><\/div>\n<p>Unser Ritual war hoffentlich fruchtbar, wir sind mit einem guten Gef\u00fchl zum Grill zur\u00fcck.<\/p>\n<div id=\"attachment_282\" style=\"width: 310px\" class=\"wp-caption aligncenter\"><a href=\"http:\/\/blog.slow-mo.de\/wp-content\/uploads\/2013\/08\/Altar1.jpg\"><img aria-describedby=\"caption-attachment-282\" loading=\"lazy\" class=\"size-medium wp-image-282\" src=\"http:\/\/blog.slow-mo.de\/wp-content\/uploads\/2013\/08\/Altar1-300x225.jpg\" alt=\"Detail Ostara Altar\" width=\"300\" height=\"225\" srcset=\"https:\/\/blog.slow-mo.de\/wp-content\/uploads\/2013\/08\/Altar1-300x225.jpg 300w, https:\/\/blog.slow-mo.de\/wp-content\/uploads\/2013\/08\/Altar1.jpg 686w\" sizes=\"(max-width: 300px) 100vw, 300px\" \/><\/a><p id=\"caption-attachment-282\" class=\"wp-caption-text\">Detail Ostara Altar<\/p><\/div>\n<div id=\"attachment_281\" style=\"width: 234px\" class=\"wp-caption aligncenter\"><a href=\"http:\/\/blog.slow-mo.de\/wp-content\/uploads\/2013\/08\/Altar_2.jpg\"><img aria-describedby=\"caption-attachment-281\" loading=\"lazy\" class=\"size-medium wp-image-281\" src=\"http:\/\/blog.slow-mo.de\/wp-content\/uploads\/2013\/08\/Altar_2-224x300.jpg\" alt=\"Altar Ostara 2012\" width=\"224\" height=\"300\" srcset=\"https:\/\/blog.slow-mo.de\/wp-content\/uploads\/2013\/08\/Altar_2-224x300.jpg 224w, https:\/\/blog.slow-mo.de\/wp-content\/uploads\/2013\/08\/Altar_2.jpg 500w\" sizes=\"(max-width: 224px) 100vw, 224px\" \/><\/a><p id=\"caption-attachment-281\" class=\"wp-caption-text\">Altar Ostara 2012<\/p><\/div>\n<p>Das Fleisch wurde schon flei\u00dfig \u00fcber dem Feuer gedreht. Es gab k\u00f6stlichen Krustenbraten. Vier riesen Teile brutzelten da schon f\u00fcr uns \u00fcber dem Feuer *mjamm*. Es wurde ein sch\u00f6ner Nachmittag.<\/p>\n","protected":false},"excerpt":{"rendered":"<p>Was f\u00fcr ein traumhaftes Wetter &#8211; Sonne satt! Den G\u00f6ttern sei Dank! Ich bin schon vor 8 Uhr auf, habe Eier gef\u00e4rbt, Teig gemacht, w\u00e4hrend der ruhte, Sachen f\u00fcr den Kranz besorgt, Teignester geflochten und gebacken und ab zum Grundst\u00fcck. &hellip; <a href=\"https:\/\/blog.slow-mo.de\/?p=280\">Weiterlesen <span class=\"meta-nav\">&rarr;<\/span><\/a><\/p>\n","protected":false},"author":1,"featured_media":0,"comment_status":"open","ping_status":"closed","sticky":false,"template":"","format":"standard","meta":[],"categories":[11],"tags":[],"_links":{"self":[{"href":"https:\/\/blog.slow-mo.de\/index.php?rest_route=\/wp\/v2\/posts\/280"}],"collection":[{"href":"https:\/\/blog.slow-mo.de\/index.php?rest_route=\/wp\/v2\/posts"}],"about":[{"href":"https:\/\/blog.slow-mo.de\/index.php?rest_route=\/wp\/v2\/types\/post"}],"author":[{"embeddable":true,"href":"https:\/\/blog.slow-mo.de\/index.php?rest_route=\/wp\/v2\/users\/1"}],"replies":[{"embeddable":true,"href":"https:\/\/blog.slow-mo.de\/index.php?rest_route=%2Fwp%2Fv2%2Fcomments&post=280"}],"version-history":[{"count":2,"href":"https:\/\/blog.slow-mo.de\/index.php?rest_route=\/wp\/v2\/posts\/280\/revisions"}],"predecessor-version":[{"id":803,"href":"https:\/\/blog.slow-mo.de\/index.php?rest_route=\/wp\/v2\/posts\/280\/revisions\/803"}],"wp:attachment":[{"href":"https:\/\/blog.slow-mo.de\/index.php?rest_route=%2Fwp%2Fv2%2Fmedia&parent=280"}],"wp:term":[{"taxonomy":"category","embeddable":true,"href":"https:\/\/blog.slow-mo.de\/index.php?rest_route=%2Fwp%2Fv2%2Fcategories&post=280"},{"taxonomy":"post_tag","embeddable":true,"href":"https:\/\/blog.slow-mo.de\/index.php?rest_route=%2Fwp%2Fv2%2Ftags&post=280"}],"curies":[{"name":"wp","href":"https:\/\/api.w.org\/{rel}","templated":true}]}}