{"id":267,"date":"2012-09-22T11:36:47","date_gmt":"2012-09-22T11:36:47","guid":{"rendered":"http:\/\/blog.slow-mo.de\/?p=267"},"modified":"2013-08-31T11:39:45","modified_gmt":"2013-08-31T11:39:45","slug":"herbstfest-2012","status":"publish","type":"post","link":"https:\/\/blog.slow-mo.de\/?p=267","title":{"rendered":"Herbstfest 2012"},"content":{"rendered":"<p>Ich hoffe, Ihr hattet auch einen so sch\u00f6nen Herbstanfang wie wir!<\/p>\n<p>Wir hatten einen herrlichen Tag auf unserem Herdgrundst\u00fcck mit einem Ritual zu Ehren von Sif und danach gem\u00fctlichem Grillen und beisammen sitzen.<\/p>\n<div id=\"attachment_268\" style=\"width: 210px\" class=\"wp-caption aligncenter\"><a href=\"http:\/\/blog.slow-mo.de\/wp-content\/uploads\/2013\/08\/2012-09-22_2401_Hannover.jpg\"><img aria-describedby=\"caption-attachment-268\" loading=\"lazy\" class=\"size-medium wp-image-268\" alt=\"Gute Gaben zum Herbst\" src=\"http:\/\/blog.slow-mo.de\/wp-content\/uploads\/2013\/08\/2012-09-22_2401_Hannover-200x300.jpg\" width=\"200\" height=\"300\" srcset=\"https:\/\/blog.slow-mo.de\/wp-content\/uploads\/2013\/08\/2012-09-22_2401_Hannover-200x300.jpg 200w, https:\/\/blog.slow-mo.de\/wp-content\/uploads\/2013\/08\/2012-09-22_2401_Hannover.jpg 511w\" sizes=\"(max-width: 200px) 100vw, 200px\" \/><\/a><p id=\"caption-attachment-268\" class=\"wp-caption-text\">Gute Gaben zum Herbst<\/p><\/div>\n<div id=\"attachment_269\" style=\"width: 310px\" class=\"wp-caption aligncenter\"><a href=\"http:\/\/blog.slow-mo.de\/wp-content\/uploads\/2013\/08\/herbstfest_2012_Altar.jpg\"><img aria-describedby=\"caption-attachment-269\" loading=\"lazy\" class=\"size-medium wp-image-269\" alt=\"Herbstfest Altar\" src=\"http:\/\/blog.slow-mo.de\/wp-content\/uploads\/2013\/08\/herbstfest_2012_Altar-300x186.jpg\" width=\"300\" height=\"186\" srcset=\"https:\/\/blog.slow-mo.de\/wp-content\/uploads\/2013\/08\/herbstfest_2012_Altar-300x186.jpg 300w, https:\/\/blog.slow-mo.de\/wp-content\/uploads\/2013\/08\/herbstfest_2012_Altar.jpg 741w\" sizes=\"(max-width: 300px) 100vw, 300px\" \/><\/a><p id=\"caption-attachment-269\" class=\"wp-caption-text\">Herbstfest Altar<\/p><\/div>\n<div id=\"attachment_270\" style=\"width: 310px\" class=\"wp-caption aligncenter\"><a href=\"http:\/\/blog.slow-mo.de\/wp-content\/uploads\/2013\/08\/Kranz_Herbst_2012.jpg\"><img aria-describedby=\"caption-attachment-270\" loading=\"lazy\" class=\"size-medium wp-image-270\" alt=\"Herbstkranz\" src=\"http:\/\/blog.slow-mo.de\/wp-content\/uploads\/2013\/08\/Kranz_Herbst_2012-300x224.jpg\" width=\"300\" height=\"224\" srcset=\"https:\/\/blog.slow-mo.de\/wp-content\/uploads\/2013\/08\/Kranz_Herbst_2012-300x224.jpg 300w, https:\/\/blog.slow-mo.de\/wp-content\/uploads\/2013\/08\/Kranz_Herbst_2012.jpg 749w\" sizes=\"(max-width: 300px) 100vw, 300px\" \/><\/a><p id=\"caption-attachment-270\" class=\"wp-caption-text\">Herbstkranz<\/p><\/div>\n","protected":false},"excerpt":{"rendered":"<p>Ich hoffe, Ihr hattet auch einen so sch\u00f6nen Herbstanfang wie wir! Wir hatten einen herrlichen Tag auf unserem Herdgrundst\u00fcck mit einem Ritual zu Ehren von Sif und danach gem\u00fctlichem Grillen und beisammen sitzen.<\/p>\n","protected":false},"author":1,"featured_media":0,"comment_status":"open","ping_status":"closed","sticky":false,"template":"","format":"standard","meta":[],"categories":[11],"tags":[],"_links":{"self":[{"href":"https:\/\/blog.slow-mo.de\/index.php?rest_route=\/wp\/v2\/posts\/267"}],"collection":[{"href":"https:\/\/blog.slow-mo.de\/index.php?rest_route=\/wp\/v2\/posts"}],"about":[{"href":"https:\/\/blog.slow-mo.de\/index.php?rest_route=\/wp\/v2\/types\/post"}],"author":[{"embeddable":true,"href":"https:\/\/blog.slow-mo.de\/index.php?rest_route=\/wp\/v2\/users\/1"}],"replies":[{"embeddable":true,"href":"https:\/\/blog.slow-mo.de\/index.php?rest_route=%2Fwp%2Fv2%2Fcomments&post=267"}],"version-history":[{"count":1,"href":"https:\/\/blog.slow-mo.de\/index.php?rest_route=\/wp\/v2\/posts\/267\/revisions"}],"predecessor-version":[{"id":271,"href":"https:\/\/blog.slow-mo.de\/index.php?rest_route=\/wp\/v2\/posts\/267\/revisions\/271"}],"wp:attachment":[{"href":"https:\/\/blog.slow-mo.de\/index.php?rest_route=%2Fwp%2Fv2%2Fmedia&parent=267"}],"wp:term":[{"taxonomy":"category","embeddable":true,"href":"https:\/\/blog.slow-mo.de\/index.php?rest_route=%2Fwp%2Fv2%2Fcategories&post=267"},{"taxonomy":"post_tag","embeddable":true,"href":"https:\/\/blog.slow-mo.de\/index.php?rest_route=%2Fwp%2Fv2%2Ftags&post=267"}],"curies":[{"name":"wp","href":"https:\/\/api.w.org\/{rel}","templated":true}]}}