{"id":246,"date":"2012-12-29T11:13:16","date_gmt":"2012-12-29T11:13:16","guid":{"rendered":"http:\/\/blog.slow-mo.de\/?p=246"},"modified":"2013-08-31T11:21:26","modified_gmt":"2013-08-31T11:21:26","slug":"jul-2012","status":"publish","type":"post","link":"https:\/\/blog.slow-mo.de\/?p=246","title":{"rendered":"Jul 2012"},"content":{"rendered":"<p>Das Wetter war so lau und angenehm wie ein sp\u00e4ter Herbstabend. Wir sa\u00dfen bis 23 Uhr drau\u00dfen am Feuer, es war angenehm und trocken. Ein gro\u00dfer heller Mond bewachte uns; einfach nett.<\/p>\n<div id=\"attachment_247\" style=\"width: 310px\" class=\"wp-caption aligncenter\"><a href=\"http:\/\/blog.slow-mo.de\/wp-content\/uploads\/2013\/08\/Jul_2012_5.jpg\"><img aria-describedby=\"caption-attachment-247\" loading=\"lazy\" class=\"size-medium wp-image-247\" alt=\"Feuer\" src=\"http:\/\/blog.slow-mo.de\/wp-content\/uploads\/2013\/08\/Jul_2012_5-300x225.jpg\" width=\"300\" height=\"225\" srcset=\"https:\/\/blog.slow-mo.de\/wp-content\/uploads\/2013\/08\/Jul_2012_5-300x225.jpg 300w, https:\/\/blog.slow-mo.de\/wp-content\/uploads\/2013\/08\/Jul_2012_5.jpg 864w\" sizes=\"(max-width: 300px) 100vw, 300px\" \/><\/a><p id=\"caption-attachment-247\" class=\"wp-caption-text\">Feuer<\/p><\/div>\n<p>Auf dem Spie\u00df ein gro\u00dfes Wildschweinchen &#8211; herrlich! Und es wurden auch feine Salate und K\u00f6stlichkeiten mitgebracht, wir hatten es richtig gut. Unsere Gastgeber waren wieder mal so gut ausgestattet, Kirschbowle, Gl\u00fchwein (daf\u00fcr war&#8217;s eindeutig zu warm) und Essen\/Trinken, warmer Unterstand im Garten &#8211; Toll! Und das Jul-Bier aus D\u00e4nemark kam gut an.<\/p>\n<div id=\"attachment_249\" style=\"width: 310px\" class=\"wp-caption aligncenter\"><a href=\"http:\/\/blog.slow-mo.de\/wp-content\/uploads\/2013\/08\/Jul_2012_4.jpg\"><img aria-describedby=\"caption-attachment-249\" loading=\"lazy\" class=\"size-medium wp-image-249\" alt=\"Festtafel\" src=\"http:\/\/blog.slow-mo.de\/wp-content\/uploads\/2013\/08\/Jul_2012_4-300x158.jpg\" width=\"300\" height=\"158\" srcset=\"https:\/\/blog.slow-mo.de\/wp-content\/uploads\/2013\/08\/Jul_2012_4-300x158.jpg 300w, https:\/\/blog.slow-mo.de\/wp-content\/uploads\/2013\/08\/Jul_2012_4.jpg 607w\" sizes=\"(max-width: 300px) 100vw, 300px\" \/><\/a><p id=\"caption-attachment-249\" class=\"wp-caption-text\">Festtafel<\/p><\/div>\n<div id=\"attachment_248\" style=\"width: 310px\" class=\"wp-caption aligncenter\"><a href=\"http:\/\/blog.slow-mo.de\/wp-content\/uploads\/2013\/08\/Jul_2012_2.jpg\"><img aria-describedby=\"caption-attachment-248\" loading=\"lazy\" class=\"size-medium wp-image-248\" alt=\"Juleber\" src=\"http:\/\/blog.slow-mo.de\/wp-content\/uploads\/2013\/08\/Jul_2012_2-300x258.jpg\" width=\"300\" height=\"258\" srcset=\"https:\/\/blog.slow-mo.de\/wp-content\/uploads\/2013\/08\/Jul_2012_2-300x258.jpg 300w, https:\/\/blog.slow-mo.de\/wp-content\/uploads\/2013\/08\/Jul_2012_2.jpg 343w\" sizes=\"(max-width: 300px) 100vw, 300px\" \/><\/a><p id=\"caption-attachment-248\" class=\"wp-caption-text\">Juleber<\/p><\/div>\n<p>Unser Ritual thematisierte nat\u00fcrlich haupts\u00e4chlich den Tod eines Herdmitgliedes vor ein paar Tagen und den Verlust weiterer Freunde und Verwandter, es war aber nie traurig, wir hatten ein gutes Ritual! Ich hoffe, alle W\u00fcnsche und Bitten werden jedem erf\u00fcllt.<\/p>\n<div id=\"attachment_250\" style=\"width: 310px\" class=\"wp-caption aligncenter\"><a href=\"http:\/\/blog.slow-mo.de\/wp-content\/uploads\/2013\/08\/Jul_2012_1.jpg\"><img aria-describedby=\"caption-attachment-250\" loading=\"lazy\" class=\"size-medium wp-image-250\" alt=\"Jul-Altar\" src=\"http:\/\/blog.slow-mo.de\/wp-content\/uploads\/2013\/08\/Jul_2012_1-300x224.jpg\" width=\"300\" height=\"224\" srcset=\"https:\/\/blog.slow-mo.de\/wp-content\/uploads\/2013\/08\/Jul_2012_1-300x224.jpg 300w, https:\/\/blog.slow-mo.de\/wp-content\/uploads\/2013\/08\/Jul_2012_1.jpg 647w\" sizes=\"(max-width: 300px) 100vw, 300px\" \/><\/a><p id=\"caption-attachment-250\" class=\"wp-caption-text\">Jul-Altar<\/p><\/div>\n<p>Leider sind vier Leute von einem anderen Herd, die zugesagt hatten, nicht gekommen, sie haben sich nicht einmal abgemeldet. Auf meinen Anruf hin, wurde mir mitgeteilt, dass sie gerade heute erst aus dem Urlaub zur\u00fcck seien&#8230; Drei haben wegen Krankheit kurzfristig abgesagt, leider nicht zu \u00e4ndern. Argerlich wars vor allem f\u00fcr die Gastgeber, die viel eingekauft und vorbereitet hatten und vom Schwein ist leider dann auch unglaublich viel \u00fcbrig geblieben.<\/p>\n<p>Es wurde wieder sp\u00e4t, alle Vorbereitungen etc. waren zwar anstrengend &#8211; aber das Fest war total sch\u00f6n und entsch\u00e4digt alle M\u00fchen!<\/p>\n<p>Und ein Herdmitglied hat uns einen sch\u00f6nen Ritualhammer gebaut und dem Herd geschenkt.<\/p>\n<div id=\"attachment_251\" style=\"width: 209px\" class=\"wp-caption aligncenter\"><a href=\"http:\/\/blog.slow-mo.de\/wp-content\/uploads\/2013\/08\/Hammer-des-Nordens-9.jpg\"><img aria-describedby=\"caption-attachment-251\" loading=\"lazy\" class=\"size-medium wp-image-251\" alt=\"Hammer des Nordens\" src=\"http:\/\/blog.slow-mo.de\/wp-content\/uploads\/2013\/08\/Hammer-des-Nordens-9-199x300.jpg\" width=\"199\" height=\"300\" srcset=\"https:\/\/blog.slow-mo.de\/wp-content\/uploads\/2013\/08\/Hammer-des-Nordens-9-199x300.jpg 199w, https:\/\/blog.slow-mo.de\/wp-content\/uploads\/2013\/08\/Hammer-des-Nordens-9.jpg 389w\" sizes=\"(max-width: 199px) 100vw, 199px\" \/><\/a><p id=\"caption-attachment-251\" class=\"wp-caption-text\">Hammer des Nordens<\/p><\/div>\n<p>Von mir gabs auch wieder kleine Geschenke (Meisenkn\u00f6del, Gl\u00fccksschweinchen und eine Kerze als Licht, das den kommenden Fr\u00fchling einl\u00e4utet).<\/p>\n<div id=\"attachment_252\" style=\"width: 310px\" class=\"wp-caption aligncenter\"><a href=\"http:\/\/blog.slow-mo.de\/wp-content\/uploads\/2013\/08\/Jul_2012_3.jpg\"><img aria-describedby=\"caption-attachment-252\" loading=\"lazy\" class=\"size-medium wp-image-252\" alt=\"Geschenk\" src=\"http:\/\/blog.slow-mo.de\/wp-content\/uploads\/2013\/08\/Jul_2012_3-300x224.jpg\" width=\"300\" height=\"224\" srcset=\"https:\/\/blog.slow-mo.de\/wp-content\/uploads\/2013\/08\/Jul_2012_3-300x224.jpg 300w, https:\/\/blog.slow-mo.de\/wp-content\/uploads\/2013\/08\/Jul_2012_3.jpg 647w\" sizes=\"(max-width: 300px) 100vw, 300px\" \/><\/a><p id=\"caption-attachment-252\" class=\"wp-caption-text\">Geschenk<\/p><\/div>\n<p>Einfach alles rund! Wir sind toll! <span style=\"font-family: Comic Sans MS;\"><span style=\"font-size: large;\"><span style=\"color: blue;\"><br \/>\n<\/span><\/span><\/span><\/p>\n","protected":false},"excerpt":{"rendered":"<p>Das Wetter war so lau und angenehm wie ein sp\u00e4ter Herbstabend. Wir sa\u00dfen bis 23 Uhr drau\u00dfen am Feuer, es war angenehm und trocken. Ein gro\u00dfer heller Mond bewachte uns; einfach nett. Auf dem Spie\u00df ein gro\u00dfes Wildschweinchen &#8211; herrlich! &hellip; <a href=\"https:\/\/blog.slow-mo.de\/?p=246\">Weiterlesen <span class=\"meta-nav\">&rarr;<\/span><\/a><\/p>\n","protected":false},"author":1,"featured_media":0,"comment_status":"open","ping_status":"closed","sticky":false,"template":"","format":"standard","meta":[],"categories":[11],"tags":[],"_links":{"self":[{"href":"https:\/\/blog.slow-mo.de\/index.php?rest_route=\/wp\/v2\/posts\/246"}],"collection":[{"href":"https:\/\/blog.slow-mo.de\/index.php?rest_route=\/wp\/v2\/posts"}],"about":[{"href":"https:\/\/blog.slow-mo.de\/index.php?rest_route=\/wp\/v2\/types\/post"}],"author":[{"embeddable":true,"href":"https:\/\/blog.slow-mo.de\/index.php?rest_route=\/wp\/v2\/users\/1"}],"replies":[{"embeddable":true,"href":"https:\/\/blog.slow-mo.de\/index.php?rest_route=%2Fwp%2Fv2%2Fcomments&post=246"}],"version-history":[{"count":1,"href":"https:\/\/blog.slow-mo.de\/index.php?rest_route=\/wp\/v2\/posts\/246\/revisions"}],"predecessor-version":[{"id":253,"href":"https:\/\/blog.slow-mo.de\/index.php?rest_route=\/wp\/v2\/posts\/246\/revisions\/253"}],"wp:attachment":[{"href":"https:\/\/blog.slow-mo.de\/index.php?rest_route=%2Fwp%2Fv2%2Fmedia&parent=246"}],"wp:term":[{"taxonomy":"category","embeddable":true,"href":"https:\/\/blog.slow-mo.de\/index.php?rest_route=%2Fwp%2Fv2%2Fcategories&post=246"},{"taxonomy":"post_tag","embeddable":true,"href":"https:\/\/blog.slow-mo.de\/index.php?rest_route=%2Fwp%2Fv2%2Ftags&post=246"}],"curies":[{"name":"wp","href":"https:\/\/api.w.org\/{rel}","templated":true}]}}