{"id":209,"date":"2013-08-11T20:46:21","date_gmt":"2013-08-11T20:46:21","guid":{"rendered":"http:\/\/blog.slow-mo.de\/?p=209"},"modified":"2013-08-30T20:58:02","modified_gmt":"2013-08-30T20:58:02","slug":"schnitterfest-2013","status":"publish","type":"post","link":"https:\/\/blog.slow-mo.de\/?p=209","title":{"rendered":"Schnitterfest 2013"},"content":{"rendered":"<p>Sonntag in Hannover:<\/p>\n<p>Zuerst m\u00e4hten Schnitter das Gras im Kreis, die Steine tauchten unter den hohen<br \/>\nPflanzen wieder auf.<\/p>\n<div id=\"attachment_173\" style=\"width: 310px\" class=\"wp-caption aligncenter\"><a href=\"http:\/\/blog.slow-mo.de\/wp-content\/uploads\/2013\/08\/2013-08-11_1224_Ritual_Hannover_Schnitter.jpg\"><img aria-describedby=\"caption-attachment-173\" loading=\"lazy\" class=\"size-medium wp-image-173\" alt=\"Erntezeit\" src=\"http:\/\/blog.slow-mo.de\/wp-content\/uploads\/2013\/08\/2013-08-11_1224_Ritual_Hannover_Schnitter-300x201.jpg\" width=\"300\" height=\"201\" srcset=\"https:\/\/blog.slow-mo.de\/wp-content\/uploads\/2013\/08\/2013-08-11_1224_Ritual_Hannover_Schnitter-300x201.jpg 300w, https:\/\/blog.slow-mo.de\/wp-content\/uploads\/2013\/08\/2013-08-11_1224_Ritual_Hannover_Schnitter.jpg 800w\" sizes=\"(max-width: 300px) 100vw, 300px\" \/><\/a><p id=\"caption-attachment-173\" class=\"wp-caption-text\">Erntezeit<\/p><\/div>\n<p style=\"text-align: center;\">Der wie immer sehr pr\u00e4sente Wind vertrieb die M\u00fccken.<br \/>\nUnser kleiner Gast, die Katze, war auch wieder da, beobachtete sehr<br \/>\ninteressiert den Aufbau des Altars und geno\u00df es anschlie\u00dfend, ausgiebig<br \/>\ndurchgekuschelt zu werden.<\/p>\n<div id=\"attachment_174\" style=\"width: 310px\" class=\"wp-caption aligncenter\"><a href=\"http:\/\/blog.slow-mo.de\/wp-content\/uploads\/2013\/08\/2013-08-11_1235_Ritual_Hannover_Besuch.jpg\"><img aria-describedby=\"caption-attachment-174\" loading=\"lazy\" class=\"size-medium wp-image-174\" title=\"Gute Gaben\" alt=\"Gute Gaben\" src=\"http:\/\/blog.slow-mo.de\/wp-content\/uploads\/2013\/08\/2013-08-11_1235_Ritual_Hannover_Besuch-300x201.jpg\" width=\"300\" height=\"201\" srcset=\"https:\/\/blog.slow-mo.de\/wp-content\/uploads\/2013\/08\/2013-08-11_1235_Ritual_Hannover_Besuch-300x201.jpg 300w, https:\/\/blog.slow-mo.de\/wp-content\/uploads\/2013\/08\/2013-08-11_1235_Ritual_Hannover_Besuch.jpg 800w\" sizes=\"(max-width: 300px) 100vw, 300px\" \/><\/a><p id=\"caption-attachment-174\" class=\"wp-caption-text\">Unsere Gaben und Freyas Katze<\/p><\/div>\n<p style=\"text-align: center;\">Das Ritual galt Sif und dem goldenen Korn, f\u00fcr das jetzt die Erntezeit ist.<br \/>\nSo fand ich die Idee wunderbar, Korn im S\u00e4ckchen schlagend zu<br \/>\ndreschen und anschlie\u00dfend vorsichtig pustend die Spreu von den K\u00f6rner zu<br \/>\ntrennen.<\/p>\n<p>Und jeder konnte sich dabei eigene Gedanken dazu machen&#8230;<\/p>\n<div id=\"attachment_175\" style=\"width: 211px\" class=\"wp-caption aligncenter\"><a href=\"http:\/\/blog.slow-mo.de\/wp-content\/uploads\/2013\/08\/DSC_0635_Kraeuter_Korn_und_Brot.jpg\"><img aria-describedby=\"caption-attachment-175\" loading=\"lazy\" class=\"size-medium wp-image-175\" alt=\"Kr\u00e4uter, Korn und Brot\" src=\"http:\/\/blog.slow-mo.de\/wp-content\/uploads\/2013\/08\/DSC_0635_Kraeuter_Korn_und_Brot-201x300.jpg\" width=\"201\" height=\"300\" srcset=\"https:\/\/blog.slow-mo.de\/wp-content\/uploads\/2013\/08\/DSC_0635_Kraeuter_Korn_und_Brot-201x300.jpg 201w, https:\/\/blog.slow-mo.de\/wp-content\/uploads\/2013\/08\/DSC_0635_Kraeuter_Korn_und_Brot.jpg 536w\" sizes=\"(max-width: 201px) 100vw, 201px\" \/><\/a><p id=\"caption-attachment-175\" class=\"wp-caption-text\">Kr\u00e4uter, Korn und Brot<\/p><\/div>\n<p>F\u00fclle auf und um den Altar.<\/p>\n<p>Sch\u00f6ne Texte, Kanon, Lied&#8230;und sehr intensive Sumbelrunden&#8230;<\/p>\n","protected":false},"excerpt":{"rendered":"<p>Sonntag in Hannover: Zuerst m\u00e4hten Schnitter das Gras im Kreis, die Steine tauchten unter den hohen Pflanzen wieder auf. Der wie immer sehr pr\u00e4sente Wind vertrieb die M\u00fccken. Unser kleiner Gast, die Katze, war auch wieder da, beobachtete sehr interessiert &hellip; <a href=\"https:\/\/blog.slow-mo.de\/?p=209\">Weiterlesen <span class=\"meta-nav\">&rarr;<\/span><\/a><\/p>\n","protected":false},"author":1,"featured_media":0,"comment_status":"open","ping_status":"closed","sticky":false,"template":"","format":"standard","meta":[],"categories":[11],"tags":[],"_links":{"self":[{"href":"https:\/\/blog.slow-mo.de\/index.php?rest_route=\/wp\/v2\/posts\/209"}],"collection":[{"href":"https:\/\/blog.slow-mo.de\/index.php?rest_route=\/wp\/v2\/posts"}],"about":[{"href":"https:\/\/blog.slow-mo.de\/index.php?rest_route=\/wp\/v2\/types\/post"}],"author":[{"embeddable":true,"href":"https:\/\/blog.slow-mo.de\/index.php?rest_route=\/wp\/v2\/users\/1"}],"replies":[{"embeddable":true,"href":"https:\/\/blog.slow-mo.de\/index.php?rest_route=%2Fwp%2Fv2%2Fcomments&post=209"}],"version-history":[{"count":2,"href":"https:\/\/blog.slow-mo.de\/index.php?rest_route=\/wp\/v2\/posts\/209\/revisions"}],"predecessor-version":[{"id":211,"href":"https:\/\/blog.slow-mo.de\/index.php?rest_route=\/wp\/v2\/posts\/209\/revisions\/211"}],"wp:attachment":[{"href":"https:\/\/blog.slow-mo.de\/index.php?rest_route=%2Fwp%2Fv2%2Fmedia&parent=209"}],"wp:term":[{"taxonomy":"category","embeddable":true,"href":"https:\/\/blog.slow-mo.de\/index.php?rest_route=%2Fwp%2Fv2%2Fcategories&post=209"},{"taxonomy":"post_tag","embeddable":true,"href":"https:\/\/blog.slow-mo.de\/index.php?rest_route=%2Fwp%2Fv2%2Ftags&post=209"}],"curies":[{"name":"wp","href":"https:\/\/api.w.org\/{rel}","templated":true}]}}