{"id":182,"date":"2013-08-30T19:16:06","date_gmt":"2013-08-30T19:16:06","guid":{"rendered":"http:\/\/blog.slow-mo.de\/?p=182"},"modified":"2013-09-15T16:04:15","modified_gmt":"2013-09-15T16:04:15","slug":"herbstfest","status":"publish","type":"post","link":"https:\/\/blog.slow-mo.de\/?p=182","title":{"rendered":"Herbstfest"},"content":{"rendered":"<p style=\"text-align: center;\">Der Herd Aldsidu Honovere l\u00e4d herzlich zum<\/p>\n<p style=\"text-align: center;\"><span style=\"color: #993300;\"><br \/>\nHerbstfest<\/span><\/p>\n<p style=\"text-align: center;\"><img loading=\"lazy\" class=\"aligncenter size-medium wp-image-184\" alt=\"Herbst\" src=\"http:\/\/blog.slow-mo.de\/wp-content\/uploads\/2013\/08\/test-300x145.jpg\" width=\"300\" height=\"145\" srcset=\"https:\/\/blog.slow-mo.de\/wp-content\/uploads\/2013\/08\/test-300x145.jpg 300w, https:\/\/blog.slow-mo.de\/wp-content\/uploads\/2013\/08\/test.jpg 1018w\" sizes=\"(max-width: 300px) 100vw, 300px\" \/><\/p>\n<p style=\"text-align: center;\">Wir feiern am 21. September 2013 &#8211; ab 14 Uhr &#8211; auf dem Herdgrundst\u00fcck<\/p>\n<p style=\"text-align: center;\">gemeinsam das Ernte- und Herbstfest.<\/p>\n<p style=\"text-align: center;\">F\u00fcr weitere Informationen schreibt einfach an lorian[et]slow-mo.de<\/p>\n","protected":false},"excerpt":{"rendered":"<p>Der Herd Aldsidu Honovere l\u00e4d herzlich zum Herbstfest Wir feiern am 21. September 2013 &#8211; ab 14 Uhr &#8211; auf dem Herdgrundst\u00fcck gemeinsam das Ernte- und Herbstfest. F\u00fcr weitere Informationen schreibt einfach an lorian[et]slow-mo.de<\/p>\n","protected":false},"author":1,"featured_media":0,"comment_status":"open","ping_status":"open","sticky":false,"template":"","format":"standard","meta":[],"categories":[6],"tags":[8,9],"_links":{"self":[{"href":"https:\/\/blog.slow-mo.de\/index.php?rest_route=\/wp\/v2\/posts\/182"}],"collection":[{"href":"https:\/\/blog.slow-mo.de\/index.php?rest_route=\/wp\/v2\/posts"}],"about":[{"href":"https:\/\/blog.slow-mo.de\/index.php?rest_route=\/wp\/v2\/types\/post"}],"author":[{"embeddable":true,"href":"https:\/\/blog.slow-mo.de\/index.php?rest_route=\/wp\/v2\/users\/1"}],"replies":[{"embeddable":true,"href":"https:\/\/blog.slow-mo.de\/index.php?rest_route=%2Fwp%2Fv2%2Fcomments&post=182"}],"version-history":[{"count":4,"href":"https:\/\/blog.slow-mo.de\/index.php?rest_route=\/wp\/v2\/posts\/182\/revisions"}],"predecessor-version":[{"id":312,"href":"https:\/\/blog.slow-mo.de\/index.php?rest_route=\/wp\/v2\/posts\/182\/revisions\/312"}],"wp:attachment":[{"href":"https:\/\/blog.slow-mo.de\/index.php?rest_route=%2Fwp%2Fv2%2Fmedia&parent=182"}],"wp:term":[{"taxonomy":"category","embeddable":true,"href":"https:\/\/blog.slow-mo.de\/index.php?rest_route=%2Fwp%2Fv2%2Fcategories&post=182"},{"taxonomy":"post_tag","embeddable":true,"href":"https:\/\/blog.slow-mo.de\/index.php?rest_route=%2Fwp%2Fv2%2Ftags&post=182"}],"curies":[{"name":"wp","href":"https:\/\/api.w.org\/{rel}","templated":true}]}}