{"id":1216,"date":"2018-07-04T20:53:26","date_gmt":"2018-07-04T20:53:26","guid":{"rendered":"http:\/\/blog.slow-mo.de\/?p=1216"},"modified":"2018-10-30T20:25:02","modified_gmt":"2018-10-30T20:25:02","slug":"sommerblot","status":"publish","type":"post","link":"https:\/\/blog.slow-mo.de\/?p=1216","title":{"rendered":"Sommerblot"},"content":{"rendered":"<p>Am 1.7. traf sich der Hannoveraner Herd zum Sommerbl\u00f3t. Bei strahlendem Sonnenschein gestaltete sich die Suche nach dem Ritualplatz abenteuerlich, da dieser sehr versteckt liegt. Wir wurden jedoch trotzdem recht schnell f\u00fcndig. Eine verborgen gelegene Senke am Bach, k\u00fchl und beschattet von gro\u00dfen Buchen, die auch den Eingang bewachen und \u00a0fast unsichtbar machen. Man betritt die Senke \u00fcber eine kleine Schwelle, muss durch einen dichten Vorhgang aus Buchenzweigen und dann einen recht steilen Abhang hinunter. Doch die kleine M\u00fche lohnt sich, denn der Platz ist mystisch und geheimnisvoll. In einem der Baumst\u00e4mme ist deutlich die Gebo Rune eingeritzt, so als ob der Platz schon vor l\u00e4ngerer Zeit geweiht wurde. Ein klarer Bach flie\u00dft durch einen Art nat\u00fcrliches Becken. Aus dem flachen Wasser ragten Steine und so konnten wir unser Bl\u00f3t direkt im Wasser abhalten.<\/p>\n<div id=\"attachment_1218\" style=\"width: 310px\" class=\"wp-caption aligncenter\"><a href=\"http:\/\/blog.slow-mo.de\/wp-content\/uploads\/2018\/07\/Sommerblot8.jpg\"><img aria-describedby=\"caption-attachment-1218\" loading=\"lazy\" class=\"size-medium wp-image-1218\" src=\"http:\/\/blog.slow-mo.de\/wp-content\/uploads\/2018\/07\/Sommerblot8-300x266.jpg\" alt=\"\" width=\"300\" height=\"266\" srcset=\"https:\/\/blog.slow-mo.de\/wp-content\/uploads\/2018\/07\/Sommerblot8-300x266.jpg 300w, https:\/\/blog.slow-mo.de\/wp-content\/uploads\/2018\/07\/Sommerblot8-768x681.jpg 768w, https:\/\/blog.slow-mo.de\/wp-content\/uploads\/2018\/07\/Sommerblot8.jpg 866w\" sizes=\"(max-width: 300px) 100vw, 300px\" \/><\/a><p id=\"caption-attachment-1218\" class=\"wp-caption-text\">Das B\u00e4chlein<\/p><\/div>\n<p>Das Thema war der Sommer, die Zeit nach der Sonnenwende. Die Tage werden k\u00fcrzer, auch wenn man jetzt noch nichts davon merkt. Die Energie der Sonneneinstrahlung nimmt ab und zum Ausgleich dazu gibt die Natur ihre Energie in die Reifung von Korn und Fr\u00fcchten. Dieses Jahr sind B\u00e4ume und B\u00fcsche schwer beladen mit ihren Sch\u00e4tzen, die Natur schwelgt in F\u00fclle und \u00dcberfluss.<\/p>\n<p>Wir ehrten Sif, die ihre goldenen Haare lie\u00df, dem Lichtgott Baldur. Dank wurde an Sunna geschickt und Thor baten wir um seinen Segen, damit nicht allzu schlimme Unwetter das Land heimsuchen.<\/p>\n<p>Bilanz wurde gezogen, welche pers\u00f6nliche Saat aufgegangen war, wo die Dinge wie von selbst zur Reife gelangen und wo vielleicht noch einmal \u201eged\u00fcngt, gehegt und gepflegt\u201c werden muss, damit das Pfl\u00e4nzchen noch bessser w\u00e4chst oder wo st\u00f6rendes \u201eUnkraut\u201c entfernt werden muss. Im \u00fcbertragenen Sinne: \u201eWas muss ich loslassen, l\u00f6sen, aufl\u00f6sen, entfernen, damit neues wachsen und bestehendes noch besser gedeihen kann?<\/p>\n<p>In der Rede wurde unter anderem neben dem Lichtgott Balder auch sein blinder (dunkler) Bruder H\u00f6dur hervorgehoben, der Balder unfreiwillig zu Hel schickte.<\/p>\n<p>\u00dcbertragen werden kann dies auf uns selbst &#8211; wenn die blinde, dunkle Seite in uns die Oberhand gewinnt und wir uns dadurch in einen Abgrund werfen, weil wir unser wahres Selbst nicht mehr erkennen. Aber so wie Balder &#8211; vers\u00f6hnt mit seinem dunklen Bruder &#8211; einst Seite an Seite mit ihm \u00fcber eine lichtvolle Welt herrschen wird, so werden auch wir ganz und hell (heil), wenn wir diese dunkle Seite zu integrieren wissen.<\/p>\n<div id=\"attachment_1217\" style=\"width: 310px\" class=\"wp-caption aligncenter\"><a href=\"http:\/\/blog.slow-mo.de\/wp-content\/uploads\/2018\/07\/Sommerritual.jpg\"><img aria-describedby=\"caption-attachment-1217\" loading=\"lazy\" class=\"size-medium wp-image-1217\" src=\"http:\/\/blog.slow-mo.de\/wp-content\/uploads\/2018\/07\/Sommerritual-300x169.jpg\" alt=\"\" width=\"300\" height=\"169\" srcset=\"https:\/\/blog.slow-mo.de\/wp-content\/uploads\/2018\/07\/Sommerritual-300x169.jpg 300w, https:\/\/blog.slow-mo.de\/wp-content\/uploads\/2018\/07\/Sommerritual-768x432.jpg 768w, https:\/\/blog.slow-mo.de\/wp-content\/uploads\/2018\/07\/Sommerritual.jpg 1024w\" sizes=\"(max-width: 300px) 100vw, 300px\" \/><\/a><p id=\"caption-attachment-1217\" class=\"wp-caption-text\">Altar und Opfergaben<\/p><\/div>\n<p>Die muntere Str\u00f6mung des Baches trieb Opfer und W\u00fcnsche schnell hinfort und wir begaben uns auf den Heimweg. Uns fielen zahlreiche Schmetterlinge auf, die uns begleiteten. Pfauenagen, die stets ein paar Meter vor uns herflogen, sich niederlie\u00dfen, warteten und wieder weiterflogen, immer direkt in der N\u00e4he. Schmetterlinge stehen f\u00fcr Transformation, die Verwandlung von der schwerf\u00e4lligen Raupe zum anmutig fliegenden Wesen\u2026. Zufall?<\/p>\n<div id=\"attachment_1219\" style=\"width: 310px\" class=\"wp-caption aligncenter\"><a href=\"http:\/\/blog.slow-mo.de\/wp-content\/uploads\/2018\/07\/Sommerblot_Grill.png\"><img aria-describedby=\"caption-attachment-1219\" loading=\"lazy\" class=\"size-medium wp-image-1219\" src=\"http:\/\/blog.slow-mo.de\/wp-content\/uploads\/2018\/07\/Sommerblot_Grill-300x290.png\" alt=\"\" width=\"300\" height=\"290\" srcset=\"https:\/\/blog.slow-mo.de\/wp-content\/uploads\/2018\/07\/Sommerblot_Grill-300x290.png 300w, https:\/\/blog.slow-mo.de\/wp-content\/uploads\/2018\/07\/Sommerblot_Grill.png 589w\" sizes=\"(max-width: 300px) 100vw, 300px\" \/><\/a><p id=\"caption-attachment-1219\" class=\"wp-caption-text\">Mjamm&#8230;<\/p><\/div>\n<p>Der Tag klang aus mit K\u00f6stlichkeiten\u00a0 vom Grill und in geselliger Runde. Danke an die Gastgeber und den Grillmeister J<\/p>\n<p>Von Drea<\/p>\n","protected":false},"excerpt":{"rendered":"<p>Am 1.7. traf sich der Hannoveraner Herd zum Sommerbl\u00f3t. Bei strahlendem Sonnenschein gestaltete sich die Suche nach dem Ritualplatz abenteuerlich, da dieser sehr versteckt liegt. Wir wurden jedoch trotzdem recht schnell f\u00fcndig. Eine verborgen gelegene Senke am Bach, k\u00fchl und &hellip; <a href=\"https:\/\/blog.slow-mo.de\/?p=1216\">Weiterlesen <span class=\"meta-nav\">&rarr;<\/span><\/a><\/p>\n","protected":false},"author":1,"featured_media":0,"comment_status":"closed","ping_status":"closed","sticky":false,"template":"","format":"standard","meta":[],"categories":[11],"tags":[],"_links":{"self":[{"href":"https:\/\/blog.slow-mo.de\/index.php?rest_route=\/wp\/v2\/posts\/1216"}],"collection":[{"href":"https:\/\/blog.slow-mo.de\/index.php?rest_route=\/wp\/v2\/posts"}],"about":[{"href":"https:\/\/blog.slow-mo.de\/index.php?rest_route=\/wp\/v2\/types\/post"}],"author":[{"embeddable":true,"href":"https:\/\/blog.slow-mo.de\/index.php?rest_route=\/wp\/v2\/users\/1"}],"replies":[{"embeddable":true,"href":"https:\/\/blog.slow-mo.de\/index.php?rest_route=%2Fwp%2Fv2%2Fcomments&post=1216"}],"version-history":[{"count":3,"href":"https:\/\/blog.slow-mo.de\/index.php?rest_route=\/wp\/v2\/posts\/1216\/revisions"}],"predecessor-version":[{"id":1222,"href":"https:\/\/blog.slow-mo.de\/index.php?rest_route=\/wp\/v2\/posts\/1216\/revisions\/1222"}],"wp:attachment":[{"href":"https:\/\/blog.slow-mo.de\/index.php?rest_route=%2Fwp%2Fv2%2Fmedia&parent=1216"}],"wp:term":[{"taxonomy":"category","embeddable":true,"href":"https:\/\/blog.slow-mo.de\/index.php?rest_route=%2Fwp%2Fv2%2Fcategories&post=1216"},{"taxonomy":"post_tag","embeddable":true,"href":"https:\/\/blog.slow-mo.de\/index.php?rest_route=%2Fwp%2Fv2%2Ftags&post=1216"}],"curies":[{"name":"wp","href":"https:\/\/api.w.org\/{rel}","templated":true}]}}