{"id":1210,"date":"2018-07-02T19:27:14","date_gmt":"2018-07-02T19:27:14","guid":{"rendered":"http:\/\/blog.slow-mo.de\/?p=1210"},"modified":"2018-10-30T20:32:23","modified_gmt":"2018-10-30T20:32:23","slug":"mittsommerblot-mit-den-wiehenwoelfen","status":"publish","type":"post","link":"https:\/\/blog.slow-mo.de\/?p=1210","title":{"rendered":"Mittsommerblot mit den Wiehenw\u00f6lfen"},"content":{"rendered":"<p>Am 22.6\u00a0 trafen sich Mitglieder des Hannover Herdes mit Mitgliedern von Widukinds W\u00f6lfen an einem Kraftplatz, gelegen in einem Waldst\u00fcck bei Loccum. Nahe bei einer Quelle befindet sich eine sehr alte Kultst\u00e4tte. Die Energie dort ist sofort sp\u00fcrbar, wenn man den Wald betritt. Eine kurze Zeit ging es bergauf und dann waren wir schon vor Ort.<\/p>\n<p>Es ist Sommersonnenwende, Midsommer, die k\u00fcrzeste Nacht des Jahres und der l\u00e4ngste Tag. Sonnenh\u00f6chststand. Die B\u00e4ume, die im vergangenen Fr\u00fchjahr so \u00fcppig gebl\u00fcht haben, stehen nun in dunkelgr\u00fcnem Blattkleid und tragen reichlich Fr\u00fcchte. Da Sunna, die Sonne, es in den vergangenen Wochen wirklich sehr gut mit uns meinte, tragen die Obstb\u00e4ume reichlich und die Kirschen sind sogar schon zu voller Reife gelangt.<\/p>\n<div id=\"attachment_1214\" style=\"width: 310px\" class=\"wp-caption aligncenter\"><a href=\"http:\/\/blog.slow-mo.de\/wp-content\/uploads\/2018\/07\/Wiehen-Feier.jpg\"><img aria-describedby=\"caption-attachment-1214\" loading=\"lazy\" class=\"size-medium wp-image-1214\" src=\"http:\/\/blog.slow-mo.de\/wp-content\/uploads\/2018\/07\/Wiehen-Feier-300x284.jpg\" alt=\"\" width=\"300\" height=\"284\" srcset=\"https:\/\/blog.slow-mo.de\/wp-content\/uploads\/2018\/07\/Wiehen-Feier-300x284.jpg 300w, https:\/\/blog.slow-mo.de\/wp-content\/uploads\/2018\/07\/Wiehen-Feier.jpg 715w\" sizes=\"(max-width: 300px) 100vw, 300px\" \/><\/a><p id=\"caption-attachment-1214\" class=\"wp-caption-text\">Altar<\/p><\/div>\n<p>Nach der Einhegung gab es eine Ansprache zum Thema Sonnenwende. Uns wurde noch einmal gewahr, dass jetzt langsam alles zur Reife gelangt. Das Korn auf den Feldern w\u00e4chst. Und auch die Hobbyg\u00e4rtner k\u00f6nnen bald auf reiche Ernte in Ihren G\u00e4rten hoffen. Die Tomaten f\u00e4rben sich, das Gem\u00fcse gedeiht.<\/p>\n<p>Thor wurde um Schutz angerufen, damit Sturm und Hagel \u00a0bei den zahlreichen Hitzegewittern \u00a0nicht allzu gro\u00dfen Schaden anrichten. M\u00f6ge Thor die Sturmriesen in Schach halten. Das Horn wurde unter anderem auch Loki zu Ehren erhoben als Herr \u00fcber Chaos und Ordnung. Sif wurde erw\u00e4hnt als G\u00f6ttin des goldenen Korns. \u00a0Das Horn kreiste zu Ehren der Ahnen und auch f\u00fcr pers\u00f6nliche W\u00fcnsche und Gedanken.<\/p>\n<p>Anschlie\u00dfend wurde gro\u00dfz\u00fcgig geopfert. Bier und Met, Fr\u00fcchte und Korn wurden dem Opferstein dargebracht.<\/p>\n<div id=\"attachment_1212\" style=\"width: 236px\" class=\"wp-caption aligncenter\"><a href=\"http:\/\/blog.slow-mo.de\/wp-content\/uploads\/2018\/07\/Wiehen-Feier3.jpg\"><img aria-describedby=\"caption-attachment-1212\" loading=\"lazy\" class=\"size-medium wp-image-1212\" src=\"http:\/\/blog.slow-mo.de\/wp-content\/uploads\/2018\/07\/Wiehen-Feier3-226x300.jpg\" alt=\"\" width=\"226\" height=\"300\" srcset=\"https:\/\/blog.slow-mo.de\/wp-content\/uploads\/2018\/07\/Wiehen-Feier3-226x300.jpg 226w, https:\/\/blog.slow-mo.de\/wp-content\/uploads\/2018\/07\/Wiehen-Feier3.jpg 718w\" sizes=\"(max-width: 226px) 100vw, 226px\" \/><\/a><p id=\"caption-attachment-1212\" class=\"wp-caption-text\">Altar und Opfergaben<\/p><\/div>\n<p>Beschlossen wurde das Bl\u00f2tan mit einem schlichten, aber gerade deshalb so phantastischem, mitgebrachtem Essen. Butterzarter Lammbraten, selbstgebackenes Brot und Gem\u00fcsek\u00fcchlein. Es war au\u00dferordentlich k\u00f6stlich! Danke noch einmal den Spendern! Wir haben es uns richtig gut gehen lassen, speisten und tranken mit den eingeladenen G\u00f6ttern.<\/p>\n<div id=\"attachment_1211\" style=\"width: 231px\" class=\"wp-caption aligncenter\"><a href=\"http:\/\/blog.slow-mo.de\/wp-content\/uploads\/2018\/07\/Wiehen-Feier4.jpg\"><img aria-describedby=\"caption-attachment-1211\" loading=\"lazy\" class=\"size-medium wp-image-1211\" src=\"http:\/\/blog.slow-mo.de\/wp-content\/uploads\/2018\/07\/Wiehen-Feier4-221x300.jpg\" alt=\"\" width=\"221\" height=\"300\" srcset=\"https:\/\/blog.slow-mo.de\/wp-content\/uploads\/2018\/07\/Wiehen-Feier4-221x300.jpg 221w, https:\/\/blog.slow-mo.de\/wp-content\/uploads\/2018\/07\/Wiehen-Feier4.jpg 720w\" sizes=\"(max-width: 221px) 100vw, 221px\" \/><\/a><p id=\"caption-attachment-1211\" class=\"wp-caption-text\">Die Quelle<\/p><\/div>\n<p>Auf dem Weg zur\u00fcck zu den Autos nahm ich noch einmal die Energie dieses Waldes in mich auf. Besonders beeindruckte mich eine gro\u00dfe, mehrst\u00e4mmige Kastanie, die \u00a0\u00fcber die kreisrunde Mulde an der Sickerquelle wacht, der Waldboden federt unter den F\u00fc\u00dfen und hohe, alte Kiefern, die den sandigen Boden lieben, schauen auf einen herab. Das ist einer der Pl\u00e4tze, wo es einem nicht mehr schwerf\u00e4llt, an die Existenz der Naturgeister zu glauben. Der stark sandhaltige Boden hier nimmt viel Energie auf, speichert sie und gibt sie aber auch genauso gro\u00dfz\u00fcgig wieder ab. Das ist das Wesen des Sandes. Noch viele Stunden sp\u00e4ter, als ich schon lange wieder zu Hause war, wirkte die Energie dieses Waldes und des Platzes nach, ja sogar bis tief in die Nacht. Lebhafte Tr\u00e4ume zeugten davon\u2026<\/p>\n<div id=\"attachment_1213\" style=\"width: 179px\" class=\"wp-caption aligncenter\"><a href=\"http:\/\/blog.slow-mo.de\/wp-content\/uploads\/2018\/07\/Wiehen-Feier2.jpg\"><img aria-describedby=\"caption-attachment-1213\" loading=\"lazy\" class=\"size-medium wp-image-1213\" src=\"http:\/\/blog.slow-mo.de\/wp-content\/uploads\/2018\/07\/Wiehen-Feier2-169x300.jpg\" alt=\"\" width=\"169\" height=\"300\" srcset=\"https:\/\/blog.slow-mo.de\/wp-content\/uploads\/2018\/07\/Wiehen-Feier2-169x300.jpg 169w, https:\/\/blog.slow-mo.de\/wp-content\/uploads\/2018\/07\/Wiehen-Feier2.jpg 504w\" sizes=\"(max-width: 169px) 100vw, 169px\" \/><\/a><p id=\"caption-attachment-1213\" class=\"wp-caption-text\">Baumriesen<\/p><\/div>\n<p>M\u00f6ge die Ernte am Ende des Sommers reichlich sein, und damit ist nicht nur die Ernte gemeint, die unsere K\u00f6rper gesund und am Leben erh\u00e4lt, sondern auch die geistige, spirituelle Ernte, die unseren Geist und die Seele n\u00e4hrt. M\u00f6gen die G\u00f6tter uns freudvolle Zeiten bringen..!<\/p>\n<p>Von Drea<\/p>\n","protected":false},"excerpt":{"rendered":"<p>Am 22.6\u00a0 trafen sich Mitglieder des Hannover Herdes mit Mitgliedern von Widukinds W\u00f6lfen an einem Kraftplatz, gelegen in einem Waldst\u00fcck bei Loccum. Nahe bei einer Quelle befindet sich eine sehr alte Kultst\u00e4tte. Die Energie dort ist sofort sp\u00fcrbar, wenn man &hellip; <a href=\"https:\/\/blog.slow-mo.de\/?p=1210\">Weiterlesen <span class=\"meta-nav\">&rarr;<\/span><\/a><\/p>\n","protected":false},"author":1,"featured_media":0,"comment_status":"closed","ping_status":"closed","sticky":false,"template":"","format":"standard","meta":[],"categories":[11],"tags":[],"_links":{"self":[{"href":"https:\/\/blog.slow-mo.de\/index.php?rest_route=\/wp\/v2\/posts\/1210"}],"collection":[{"href":"https:\/\/blog.slow-mo.de\/index.php?rest_route=\/wp\/v2\/posts"}],"about":[{"href":"https:\/\/blog.slow-mo.de\/index.php?rest_route=\/wp\/v2\/types\/post"}],"author":[{"embeddable":true,"href":"https:\/\/blog.slow-mo.de\/index.php?rest_route=\/wp\/v2\/users\/1"}],"replies":[{"embeddable":true,"href":"https:\/\/blog.slow-mo.de\/index.php?rest_route=%2Fwp%2Fv2%2Fcomments&post=1210"}],"version-history":[{"count":1,"href":"https:\/\/blog.slow-mo.de\/index.php?rest_route=\/wp\/v2\/posts\/1210\/revisions"}],"predecessor-version":[{"id":1215,"href":"https:\/\/blog.slow-mo.de\/index.php?rest_route=\/wp\/v2\/posts\/1210\/revisions\/1215"}],"wp:attachment":[{"href":"https:\/\/blog.slow-mo.de\/index.php?rest_route=%2Fwp%2Fv2%2Fmedia&parent=1210"}],"wp:term":[{"taxonomy":"category","embeddable":true,"href":"https:\/\/blog.slow-mo.de\/index.php?rest_route=%2Fwp%2Fv2%2Fcategories&post=1210"},{"taxonomy":"post_tag","embeddable":true,"href":"https:\/\/blog.slow-mo.de\/index.php?rest_route=%2Fwp%2Fv2%2Ftags&post=1210"}],"curies":[{"name":"wp","href":"https:\/\/api.w.org\/{rel}","templated":true}]}}