{"id":1204,"date":"2018-07-02T19:20:52","date_gmt":"2018-07-02T19:20:52","guid":{"rendered":"http:\/\/blog.slow-mo.de\/?p=1204"},"modified":"2018-10-30T20:32:27","modified_gmt":"2018-10-30T20:32:27","slug":"fruehjahrsritual-zu-ehren-gerdr","status":"publish","type":"post","link":"https:\/\/blog.slow-mo.de\/?p=1204","title":{"rendered":"Fr\u00fchjahrsritual zu Ehren Gerdr"},"content":{"rendered":"<p>Am 26.5 traf sich der Herd Aldsidu Honovere zum Fr\u00fchlingsritual und das bei sehr sommerlichen Temperaturen um die 30 Grad.<\/p>\n<p><a href=\"http:\/\/blog.slow-mo.de\/wp-content\/uploads\/2018\/07\/Fr\u00fchjahr2.jpg\"><img loading=\"lazy\" class=\"aligncenter size-medium wp-image-1207\" src=\"http:\/\/blog.slow-mo.de\/wp-content\/uploads\/2018\/07\/Fr\u00fchjahr2-300x249.jpg\" alt=\"\" width=\"300\" height=\"249\" srcset=\"https:\/\/blog.slow-mo.de\/wp-content\/uploads\/2018\/07\/Fr\u00fchjahr2-300x249.jpg 300w, https:\/\/blog.slow-mo.de\/wp-content\/uploads\/2018\/07\/Fr\u00fchjahr2.jpg 680w\" sizes=\"(max-width: 300px) 100vw, 300px\" \/><\/a><\/p>\n<p>Das Fr\u00fchjahr zeigte sich in diesem Jahr in voller Pracht. Nach dem sp\u00e4ten M\u00e4rzwinter ist die Natur regelrecht explodiert. Die Luft ist erf\u00fcllt von Blumenduft. Und das inspirierte uns auch f\u00fcr das Thema. Es geht um die \u00dcppigkeit eines bl\u00fchenden Gartens, symbolisiert durch die Riesin Gerdr als Schutzpatronin der Blumen und bl\u00fchenden G\u00e4rten.<\/p>\n<p><a href=\"http:\/\/blog.slow-mo.de\/wp-content\/uploads\/2018\/07\/Fr\u00fchjahr4.jpg\"><img loading=\"lazy\" class=\"aligncenter size-medium wp-image-1205\" src=\"http:\/\/blog.slow-mo.de\/wp-content\/uploads\/2018\/07\/Fr\u00fchjahr4-169x300.jpg\" alt=\"\" width=\"169\" height=\"300\" srcset=\"https:\/\/blog.slow-mo.de\/wp-content\/uploads\/2018\/07\/Fr\u00fchjahr4-169x300.jpg 169w, https:\/\/blog.slow-mo.de\/wp-content\/uploads\/2018\/07\/Fr\u00fchjahr4.jpg 432w\" sizes=\"(max-width: 169px) 100vw, 169px\" \/><\/a><\/p>\n<p>Die Sonne strebt ihrem H\u00f6chststand zu und schenkt Licht und W\u00e4rme, die Bienen finden endlich wieder Nahrung. Und prompt kam auch eine Biene zu Besuch und setzte sich auf eine der mitgebrachten Bl\u00fcten, die wir Gerdr und auch dem Platz zu Ehren mitgebracht haben. Runenges\u00e4nge wurden angestimmt. Runen, die die Verbindung zwischen Himmel und Erde darstellen, die das Potential von allem was ist in sich verbergen.<\/p>\n<div id=\"attachment_1206\" style=\"width: 257px\" class=\"wp-caption aligncenter\"><a href=\"http:\/\/blog.slow-mo.de\/wp-content\/uploads\/2018\/07\/Fr\u00fchjahr3.jpg\"><img aria-describedby=\"caption-attachment-1206\" loading=\"lazy\" class=\"size-medium wp-image-1206\" src=\"http:\/\/blog.slow-mo.de\/wp-content\/uploads\/2018\/07\/Fr\u00fchjahr3-247x300.jpg\" alt=\"\" width=\"247\" height=\"300\" srcset=\"https:\/\/blog.slow-mo.de\/wp-content\/uploads\/2018\/07\/Fr\u00fchjahr3-247x300.jpg 247w, https:\/\/blog.slow-mo.de\/wp-content\/uploads\/2018\/07\/Fr\u00fchjahr3.jpg 717w\" sizes=\"(max-width: 247px) 100vw, 247px\" \/><\/a><p id=\"caption-attachment-1206\" class=\"wp-caption-text\">Die Biene ist emsig \ud83d\ude42<\/p><\/div>\n<p>Im fr\u00fchen Fr\u00fchrjahr wurde der Samen in die Erde gebracht, wurden Pl\u00e4ne geschmiedet. Jetzt ist die Zeit, diese Pl\u00e4ne langsam in Taten umzusetzen. Dies ist jetzt die Zeit, den Impuls zu geben, der z\u00fcndende Funke, der die n\u00f6tige Energie verleiht, die Richtung festzulegen, in die es jetzt gehen soll und in die Handlung zu kommen.<\/p>\n<p>Das Bl\u00f2t fand seinem Ausklang mit einer kleinen Grillrunde mit frischem Salat und Leckereien vom Grill.<\/p>\n<p>So hoffen wir auf einen sch\u00f6nen Sommer mit einem Zitat aus einem alten Schlager\u2026\u201cein Sommer, wie er fr\u00fcher einmal war, mit Sonnenschein von Juni bis September\u2026\u201c<\/p>\n<p>von Drea<\/p>\n<p><a href=\"http:\/\/blog.slow-mo.de\/wp-content\/uploads\/2018\/07\/Fr\u00fchjahr.jpg\"><img loading=\"lazy\" class=\"aligncenter size-medium wp-image-1208\" src=\"http:\/\/blog.slow-mo.de\/wp-content\/uploads\/2018\/07\/Fr\u00fchjahr-300x296.jpg\" alt=\"\" width=\"300\" height=\"296\" srcset=\"https:\/\/blog.slow-mo.de\/wp-content\/uploads\/2018\/07\/Fr\u00fchjahr-300x296.jpg 300w, https:\/\/blog.slow-mo.de\/wp-content\/uploads\/2018\/07\/Fr\u00fchjahr.jpg 680w\" sizes=\"(max-width: 300px) 100vw, 300px\" \/><\/a><\/p>\n","protected":false},"excerpt":{"rendered":"<p>Am 26.5 traf sich der Herd Aldsidu Honovere zum Fr\u00fchlingsritual und das bei sehr sommerlichen Temperaturen um die 30 Grad. Das Fr\u00fchjahr zeigte sich in diesem Jahr in voller Pracht. Nach dem sp\u00e4ten M\u00e4rzwinter ist die Natur regelrecht explodiert. Die &hellip; <a href=\"https:\/\/blog.slow-mo.de\/?p=1204\">Weiterlesen <span class=\"meta-nav\">&rarr;<\/span><\/a><\/p>\n","protected":false},"author":1,"featured_media":0,"comment_status":"closed","ping_status":"closed","sticky":false,"template":"","format":"standard","meta":[],"categories":[11],"tags":[],"_links":{"self":[{"href":"https:\/\/blog.slow-mo.de\/index.php?rest_route=\/wp\/v2\/posts\/1204"}],"collection":[{"href":"https:\/\/blog.slow-mo.de\/index.php?rest_route=\/wp\/v2\/posts"}],"about":[{"href":"https:\/\/blog.slow-mo.de\/index.php?rest_route=\/wp\/v2\/types\/post"}],"author":[{"embeddable":true,"href":"https:\/\/blog.slow-mo.de\/index.php?rest_route=\/wp\/v2\/users\/1"}],"replies":[{"embeddable":true,"href":"https:\/\/blog.slow-mo.de\/index.php?rest_route=%2Fwp%2Fv2%2Fcomments&post=1204"}],"version-history":[{"count":1,"href":"https:\/\/blog.slow-mo.de\/index.php?rest_route=\/wp\/v2\/posts\/1204\/revisions"}],"predecessor-version":[{"id":1209,"href":"https:\/\/blog.slow-mo.de\/index.php?rest_route=\/wp\/v2\/posts\/1204\/revisions\/1209"}],"wp:attachment":[{"href":"https:\/\/blog.slow-mo.de\/index.php?rest_route=%2Fwp%2Fv2%2Fmedia&parent=1204"}],"wp:term":[{"taxonomy":"category","embeddable":true,"href":"https:\/\/blog.slow-mo.de\/index.php?rest_route=%2Fwp%2Fv2%2Fcategories&post=1204"},{"taxonomy":"post_tag","embeddable":true,"href":"https:\/\/blog.slow-mo.de\/index.php?rest_route=%2Fwp%2Fv2%2Ftags&post=1204"}],"curies":[{"name":"wp","href":"https:\/\/api.w.org\/{rel}","templated":true}]}}