{"id":1189,"date":"2018-02-10T13:49:31","date_gmt":"2018-02-10T13:49:31","guid":{"rendered":"http:\/\/blog.slow-mo.de\/?p=1189"},"modified":"2018-07-02T19:27:23","modified_gmt":"2018-07-02T19:27:23","slug":"imbolc-blot-2018","status":"publish","type":"post","link":"https:\/\/blog.slow-mo.de\/?p=1189","title":{"rendered":"Imbolc-Blot 2018"},"content":{"rendered":"<p>Am Sonntag, den 4.2. traf sich der Herd Aldsidu Honovere zum Imbolc Bl\u00f3t auf dem Herdgrundst\u00fcck.<\/p>\n<p>Auch wenn Imbolc nicht zu den klassischen Asatrufesten geh\u00f6rt, so wollten wir dennoch eine kleine Zeremonie zur R\u00fcckkehr des Lichts abhalten.<\/p>\n<div id=\"attachment_1193\" style=\"width: 179px\" class=\"wp-caption aligncenter\"><a href=\"http:\/\/blog.slow-mo.de\/wp-content\/uploads\/2018\/02\/Altar2.jpg\"><img aria-describedby=\"caption-attachment-1193\" loading=\"lazy\" class=\"size-medium wp-image-1193\" src=\"http:\/\/blog.slow-mo.de\/wp-content\/uploads\/2018\/02\/Altar2-169x300.jpg\" alt=\"\" width=\"169\" height=\"300\" srcset=\"https:\/\/blog.slow-mo.de\/wp-content\/uploads\/2018\/02\/Altar2-169x300.jpg 169w, https:\/\/blog.slow-mo.de\/wp-content\/uploads\/2018\/02\/Altar2-576x1024.jpg 576w, https:\/\/blog.slow-mo.de\/wp-content\/uploads\/2018\/02\/Altar2.jpg 598w\" sizes=\"(max-width: 169px) 100vw, 169px\" \/><\/a><p id=\"caption-attachment-1193\" class=\"wp-caption-text\">Unser Altar<\/p><\/div>\n<p>Es war auch ein nahezu perfekter Tag daf\u00fcr. Nach all diesen langen dunklen und zum Teil sehr st\u00fcrmischen Regentagen wurde es \u00fcber Nacht kalt und frostig. Die Sonne kam hervor und eine d\u00fcnne Schneedecke lag \u00fcber Feldern und Wiesen.<\/p>\n<div id=\"attachment_1197\" style=\"width: 179px\" class=\"wp-caption aligncenter\"><a href=\"http:\/\/blog.slow-mo.de\/wp-content\/uploads\/2018\/02\/Schnee.jpg\"><img aria-describedby=\"caption-attachment-1197\" loading=\"lazy\" class=\"size-medium wp-image-1197\" src=\"http:\/\/blog.slow-mo.de\/wp-content\/uploads\/2018\/02\/Schnee-169x300.jpg\" alt=\"\" width=\"169\" height=\"300\" srcset=\"https:\/\/blog.slow-mo.de\/wp-content\/uploads\/2018\/02\/Schnee-169x300.jpg 169w, https:\/\/blog.slow-mo.de\/wp-content\/uploads\/2018\/02\/Schnee-576x1024.jpg 576w, https:\/\/blog.slow-mo.de\/wp-content\/uploads\/2018\/02\/Schnee.jpg 598w\" sizes=\"(max-width: 169px) 100vw, 169px\" \/><\/a><p id=\"caption-attachment-1197\" class=\"wp-caption-text\">Schnee auf dem Grundst\u00fcck<\/p><\/div>\n<p>Zur Verabschiedung des Winters war es nat\u00fcrlich sch\u00f6n, auch nochmal etwas Winterfeeling zu bekommen.<\/p>\n<p>Die Tage sind schon merklich heller. Die ersten Fr\u00fchlingsboten zeigen sich schon: Schneegl\u00f6ckchen, zur\u00fcckkehrende Zugv\u00f6gel, die Sonnenstrahlen lassen schon etwas W\u00e4rme sp\u00fcren. Auch wenn die Natur \u00e4u\u00dferlich noch ruht, so arbeitet es in ihrem Innern schon kr\u00e4ftig, um sich auf den Fr\u00fchling vorzubereiten.<\/p>\n<div id=\"attachment_1192\" style=\"width: 179px\" class=\"wp-caption aligncenter\"><a href=\"http:\/\/blog.slow-mo.de\/wp-content\/uploads\/2018\/02\/Altar.jpg\"><img aria-describedby=\"caption-attachment-1192\" loading=\"lazy\" class=\"size-medium wp-image-1192\" src=\"http:\/\/blog.slow-mo.de\/wp-content\/uploads\/2018\/02\/Altar-169x300.jpg\" alt=\"\" width=\"169\" height=\"300\" srcset=\"https:\/\/blog.slow-mo.de\/wp-content\/uploads\/2018\/02\/Altar-169x300.jpg 169w, https:\/\/blog.slow-mo.de\/wp-content\/uploads\/2018\/02\/Altar-576x1024.jpg 576w, https:\/\/blog.slow-mo.de\/wp-content\/uploads\/2018\/02\/Altar.jpg 598w\" sizes=\"(max-width: 169px) 100vw, 169px\" \/><\/a><p id=\"caption-attachment-1192\" class=\"wp-caption-text\">Schwarze Kerze f\u00fcr Hel<br \/>Wei\u00dfe Kerze f\u00fcr Skadi<br \/>Gr\u00fcne Kerze f\u00fcr Idun<\/p><\/div>\n<p>Das ist jetzt die Zeit zwischen Ruhe und Aktivit\u00e4t. Wir erwachen langsam aus dem Winterschlaf. Lassen wir uns Zeit daf\u00fcr.\u00a0 Der Februar ist der Monat des Erwachens. Die Systeme werden langsam hochgefahren. Und so wie Flugzeuge vor dem Start und dem Flug gewartet werden, so ist dies jetzt die Zeit, seinen K\u00f6rper zu \u201ewarten\u201c Viele fangen jetzt wieder verst\u00e4rkt mit Sport an, die Gelenke werden geschmiert. Eine gute Zeit zum Entgiften. Es gibt viele Wege\u2026vom sanften \u201emal auf dies und das verzichten\u201c , oder einfach mal zu Fu\u00df zum B\u00e4cker statt mit dem Auto, bis hin zum strikten Heilfasten.<\/p>\n<p>Auch ist das jetzt die Zeit, Pl\u00e4ne zu schmieden, f\u00fcr das was dieses Jahr ansteht. Urlaub buchen, Projekte durchdenken, H\u00e4user im Kopf schon mal bauen. Jetzt ist die Zeit, das geistige Rei\u00dfbrett auszupacken und den inneren Architekten zu aktivieren.<\/p>\n<p>Wir schaffen auch Platz f\u00fcr Neues. Die Energie des Aufbruchs kann jetzt genutzt werden, aufzur\u00e4umen- Nicht nur der K\u00f6rper kann entgiftet werden, sondern auch das Leben, der Lebensraum um uns herum. In volle Garagen kann man kein sch\u00f6nes Auto stellen. In vollen Kleiderschr\u00e4nken gehen neue Klamotten gnadenlos unter und ein \u201evoller Geist\u201c kann keine neue Ideen empfangen. Machen wir uns also leer. R\u00e4umen wir auf, was die Winterst\u00fcrme so durcheinandergewirbelt, gel\u00f6st und herunter- \u00a0bzw umgeworfen haben. Werden wir noch einmal still und fragen wir uns, was wir noch brauchen und was weg kann. Das erfordert nat\u00fcrlich manchmal auch Mut und gnadenlose Ehrlichkeit zu sich selbst.<\/p>\n<p>Die Natur um uns war heute auch sehr still, so still, dass man das ganz leise Knistern in den B\u00e4umen h\u00f6ren konnte. Einige kleine Meisen gesellten sich w\u00e4hrend des Rituals zu uns. Hoch oben in den Baumkronen um uns herum lie\u00dfen sie ihre feinen Stimmen h\u00f6ren. Meisen sind Boten f\u00fcr Leichtigkeit und Fr\u00f6hlichkeit. Ihr unerm\u00fcdlicher Gesang ist im Fr\u00fchjahr \u00fcberall zu h\u00f6ren. Heute klangen sie noch sehr leise, aber sie leisteten uns zahlreich Gesellschaft und schienen uns mit ihrem Gesang zu ermuntern (da ich jedoch nicht so gut \u201emeisisch\u201c kann, haben sie vielleicht auch gesagt \u201eIhr habt Futter dabei, her damit, es is kalt, wir ham Hunger!\u201c)<\/p>\n<p>Nun aber raus aus der Stille! Wie diese Tage allerorts Fastnacht gefeiert wird (traditionell zur Austreibung des Winters mit Masken, L\u00e4rm und Frohsinn) so haben wir am Ende des Rituals ordentlich gel\u00e4rmt mit Rundhorn, \u201eDonnertrommel\u201c , Schellen und zischenden, funkenspr\u00fchenden Wunderkerzen.<\/p>\n<div id=\"attachment_1195\" style=\"width: 179px\" class=\"wp-caption alignleft\"><a href=\"http:\/\/blog.slow-mo.de\/wp-content\/uploads\/2018\/02\/Kringelhorn.jpg\"><img aria-describedby=\"caption-attachment-1195\" loading=\"lazy\" class=\"size-medium wp-image-1195\" src=\"http:\/\/blog.slow-mo.de\/wp-content\/uploads\/2018\/02\/Kringelhorn-169x300.jpg\" alt=\"\" width=\"169\" height=\"300\" srcset=\"https:\/\/blog.slow-mo.de\/wp-content\/uploads\/2018\/02\/Kringelhorn-169x300.jpg 169w, https:\/\/blog.slow-mo.de\/wp-content\/uploads\/2018\/02\/Kringelhorn.jpg 449w\" sizes=\"(max-width: 169px) 100vw, 169px\" \/><\/a><p id=\"caption-attachment-1195\" class=\"wp-caption-text\">Kringelhorn<\/p><\/div>\n<div id=\"attachment_1196\" style=\"width: 267px\" class=\"wp-caption alignleft\"><a href=\"http:\/\/blog.slow-mo.de\/wp-content\/uploads\/2018\/02\/Lichter.jpg\"><img aria-describedby=\"caption-attachment-1196\" loading=\"lazy\" class=\"size-medium wp-image-1196\" src=\"http:\/\/blog.slow-mo.de\/wp-content\/uploads\/2018\/02\/Lichter-257x300.jpg\" alt=\"\" width=\"257\" height=\"300\" srcset=\"https:\/\/blog.slow-mo.de\/wp-content\/uploads\/2018\/02\/Lichter-257x300.jpg 257w, https:\/\/blog.slow-mo.de\/wp-content\/uploads\/2018\/02\/Lichter.jpg 596w\" sizes=\"(max-width: 257px) 100vw, 257px\" \/><\/a><p id=\"caption-attachment-1196\" class=\"wp-caption-text\">Imbolc-Lichterspa\u00df<\/p><\/div>\n<p>&nbsp;<\/p>\n<p>&nbsp;<\/p>\n<p>&nbsp;<\/p>\n<p>&nbsp;<\/p>\n<p>&nbsp;<\/p>\n<p>&nbsp;<\/p>\n<p>&nbsp;<\/p>\n<p>&nbsp;<\/p>\n<p>&nbsp;<\/p>\n<p>Freuen wir uns also auf die ersten warmen Sonnenstrahlen, die Krokusse und Narzissen, die uns bald im M\u00e4rz begr\u00fc\u00dfen und uns die T\u00fcr zu wiedererstarkter Lebensfreude \u00f6ffnen.<\/p>\n<p>Lasst es euch gut gehen im Februar, den Monat des \u00dcbergangs von Nacht zu Tag. Die Rune DAGAZ tr\u00e4gt diese Energie und die G\u00f6tter Skadi (Winter, wei\u00df) und Idun (Fr\u00fchling, gr\u00fcn) stehen nah beieinander. Das zeigte uns heute sehr symbolisch die malerische gr\u00fcn-wei\u00df gefleckte Natur.<\/p>\n<p>In diesem Sinne<\/p>\n<p>Habt ein sch\u00f6nes Erwachen!<\/p>\n<p>Von Drea<\/p>\n<div id=\"attachment_1199\" style=\"width: 310px\" class=\"wp-caption aligncenter\"><a href=\"http:\/\/blog.slow-mo.de\/wp-content\/uploads\/2018\/02\/Abendstimmung2.jpg\"><img aria-describedby=\"caption-attachment-1199\" loading=\"lazy\" class=\"size-medium wp-image-1199\" src=\"http:\/\/blog.slow-mo.de\/wp-content\/uploads\/2018\/02\/Abendstimmung2-300x169.jpg\" alt=\"\" width=\"300\" height=\"169\" srcset=\"https:\/\/blog.slow-mo.de\/wp-content\/uploads\/2018\/02\/Abendstimmung2-300x169.jpg 300w, https:\/\/blog.slow-mo.de\/wp-content\/uploads\/2018\/02\/Abendstimmung2-768x432.jpg 768w, https:\/\/blog.slow-mo.de\/wp-content\/uploads\/2018\/02\/Abendstimmung2-1024x576.jpg 1024w, https:\/\/blog.slow-mo.de\/wp-content\/uploads\/2018\/02\/Abendstimmung2.jpg 1063w\" sizes=\"(max-width: 300px) 100vw, 300px\" \/><\/a><p id=\"caption-attachment-1199\" class=\"wp-caption-text\">Abendstimmung im Moor<\/p><\/div>\n<div id=\"attachment_1191\" style=\"width: 310px\" class=\"wp-caption aligncenter\"><a href=\"http:\/\/blog.slow-mo.de\/wp-content\/uploads\/2018\/02\/Abendstimmung.jpg\"><img aria-describedby=\"caption-attachment-1191\" loading=\"lazy\" class=\"size-medium wp-image-1191\" src=\"http:\/\/blog.slow-mo.de\/wp-content\/uploads\/2018\/02\/Abendstimmung-300x169.jpg\" alt=\"\" width=\"300\" height=\"169\" srcset=\"https:\/\/blog.slow-mo.de\/wp-content\/uploads\/2018\/02\/Abendstimmung-300x169.jpg 300w, https:\/\/blog.slow-mo.de\/wp-content\/uploads\/2018\/02\/Abendstimmung-768x432.jpg 768w, https:\/\/blog.slow-mo.de\/wp-content\/uploads\/2018\/02\/Abendstimmung-1024x576.jpg 1024w, https:\/\/blog.slow-mo.de\/wp-content\/uploads\/2018\/02\/Abendstimmung.jpg 1280w\" sizes=\"(max-width: 300px) 100vw, 300px\" \/><\/a><p id=\"caption-attachment-1191\" class=\"wp-caption-text\">Abendstimmung<\/p><\/div>\n","protected":false},"excerpt":{"rendered":"<p>Am Sonntag, den 4.2. traf sich der Herd Aldsidu Honovere zum Imbolc Bl\u00f3t auf dem Herdgrundst\u00fcck. Auch wenn Imbolc nicht zu den klassischen Asatrufesten geh\u00f6rt, so wollten wir dennoch eine kleine Zeremonie zur R\u00fcckkehr des Lichts abhalten. Es war auch &hellip; <a href=\"https:\/\/blog.slow-mo.de\/?p=1189\">Weiterlesen <span class=\"meta-nav\">&rarr;<\/span><\/a><\/p>\n","protected":false},"author":1,"featured_media":0,"comment_status":"closed","ping_status":"closed","sticky":false,"template":"","format":"standard","meta":[],"categories":[11],"tags":[],"_links":{"self":[{"href":"https:\/\/blog.slow-mo.de\/index.php?rest_route=\/wp\/v2\/posts\/1189"}],"collection":[{"href":"https:\/\/blog.slow-mo.de\/index.php?rest_route=\/wp\/v2\/posts"}],"about":[{"href":"https:\/\/blog.slow-mo.de\/index.php?rest_route=\/wp\/v2\/types\/post"}],"author":[{"embeddable":true,"href":"https:\/\/blog.slow-mo.de\/index.php?rest_route=\/wp\/v2\/users\/1"}],"replies":[{"embeddable":true,"href":"https:\/\/blog.slow-mo.de\/index.php?rest_route=%2Fwp%2Fv2%2Fcomments&post=1189"}],"version-history":[{"count":3,"href":"https:\/\/blog.slow-mo.de\/index.php?rest_route=\/wp\/v2\/posts\/1189\/revisions"}],"predecessor-version":[{"id":1201,"href":"https:\/\/blog.slow-mo.de\/index.php?rest_route=\/wp\/v2\/posts\/1189\/revisions\/1201"}],"wp:attachment":[{"href":"https:\/\/blog.slow-mo.de\/index.php?rest_route=%2Fwp%2Fv2%2Fmedia&parent=1189"}],"wp:term":[{"taxonomy":"category","embeddable":true,"href":"https:\/\/blog.slow-mo.de\/index.php?rest_route=%2Fwp%2Fv2%2Fcategories&post=1189"},{"taxonomy":"post_tag","embeddable":true,"href":"https:\/\/blog.slow-mo.de\/index.php?rest_route=%2Fwp%2Fv2%2Ftags&post=1189"}],"curies":[{"name":"wp","href":"https:\/\/api.w.org\/{rel}","templated":true}]}}