{"id":1167,"date":"2017-12-31T12:34:27","date_gmt":"2017-12-31T12:34:27","guid":{"rendered":"http:\/\/blog.slow-mo.de\/?p=1167"},"modified":"2018-02-01T07:50:34","modified_gmt":"2018-02-01T07:50:34","slug":"jahresabscheids-blot","status":"publish","type":"post","link":"https:\/\/blog.slow-mo.de\/?p=1167","title":{"rendered":"Jahresabschieds-Blot"},"content":{"rendered":"<p>Am 29. Dezember traf sich der Herd Aldsidu Honovere zum Abschlussbl\u00f3t auf dem Herdgrundst\u00fcck.<\/p>\n<p><a href=\"http:\/\/blog.slow-mo.de\/wp-content\/uploads\/2017\/12\/20171229_152440.jpg\"><img loading=\"lazy\" class=\"aligncenter size-medium wp-image-1169\" src=\"http:\/\/blog.slow-mo.de\/wp-content\/uploads\/2017\/12\/20171229_152440-169x300.jpg\" alt=\"\" width=\"169\" height=\"300\" srcset=\"https:\/\/blog.slow-mo.de\/wp-content\/uploads\/2017\/12\/20171229_152440-169x300.jpg 169w, https:\/\/blog.slow-mo.de\/wp-content\/uploads\/2017\/12\/20171229_152440.jpg 449w\" sizes=\"(max-width: 169px) 100vw, 169px\" \/><\/a><\/p>\n<p>Der einzige sonnige Tag im Dezember konnte man schon fast sagen. Da hatten wir richtig Gl\u00fcck. Der Wind kam v\u00f6llig zum Erliegen und es lag eine ruhige, mystische Stimmung \u00fcber dem Grundst\u00fcck mit seinem kleinen See.<\/p>\n<p><a href=\"http:\/\/blog.slow-mo.de\/wp-content\/uploads\/2017\/12\/20171229_152547.jpg\"><img loading=\"lazy\" class=\"aligncenter wp-image-1168 size-medium\" src=\"http:\/\/blog.slow-mo.de\/wp-content\/uploads\/2017\/12\/20171229_152547-300x169.jpg\" alt=\"\" width=\"300\" height=\"169\" srcset=\"https:\/\/blog.slow-mo.de\/wp-content\/uploads\/2017\/12\/20171229_152547-300x169.jpg 300w, https:\/\/blog.slow-mo.de\/wp-content\/uploads\/2017\/12\/20171229_152547-768x432.jpg 768w, https:\/\/blog.slow-mo.de\/wp-content\/uploads\/2017\/12\/20171229_152547-1024x576.jpg 1024w, https:\/\/blog.slow-mo.de\/wp-content\/uploads\/2017\/12\/20171229_152547.jpg 1063w\" sizes=\"(max-width: 300px) 100vw, 300px\" \/><\/a><\/p>\n<p style=\"text-align: center;\">Wir haben Rauhn\u00e4chte\u2026\u00a0 Ahnenzeit&#8230;<\/p>\n<p>Zeit, um kurz innezuhalten und sich eine kleine pers\u00f6nliche R\u00fcckschau auf das Kalenderjahr 2017 zu g\u00f6nnen. Und das taten wir. Jeder lie\u00df sein Jahr kurz Revue passieren und lie\u00df die anderen Anwesenden daran teilhaben.<\/p>\n<p>Wir alle hatten eines gemeinsam. Wir k\u00f6nnen auf ein, zwar teilweise anstrengendes, im Endeffekt aber durchaus erfolgreiches Jahr zur\u00fcckblicken. Jeder von uns hat seine T\u00e4ler durchwandert, jeder von uns hatte Aufgaben zu bew\u00e4ltigen, sich Herausforderungen zu stellen, mal standen helfende Kr\u00e4fte zur Seite, mal musste man sich ganz alleine durchbei\u00dfen.<\/p>\n<p>So wie es symbolisch immer wieder in alten und modernen M\u00e4rchen und Geschichten erz\u00e4hlt wird. Am Ende hat man viele K\u00e4mpfe gefochten und Aufgaben gel\u00f6st und man wird belohnt..<\/p>\n<p>Was so banal klingt. Die gr\u00f6\u00dfte Belohnung, die man bekommen kann ist Zufriedenheit. Denn wer bis tief in sein Innerstes zufrieden ist, f\u00fcr denjenigen ist die Au\u00dfenwelt auch friedlich und freundlich. Dieser Zustand gibt Vertrauen f\u00fcr k\u00fcnftige Erfolge. Zuversicht, auch die n\u00e4chsten \u00a0Aufgaben zu bew\u00e4ltigen, weitere dunkle T\u00e4ler furchtlos und aufrichtig zu durchwandern. So wie der Ritter in gl\u00e4nzender R\u00fcstung auf der Suche nach dem heiligen Gral. Denn nichts anderes ist dieser sagenumwobene Gral. Der innere Frieden!<\/p>\n<p><a href=\"http:\/\/blog.slow-mo.de\/wp-content\/uploads\/2017\/12\/Blot_Dezember-2017.jpg\"><img loading=\"lazy\" class=\"aligncenter size-medium wp-image-1172\" src=\"http:\/\/blog.slow-mo.de\/wp-content\/uploads\/2017\/12\/Blot_Dezember-2017-300x213.jpg\" alt=\"\" width=\"300\" height=\"213\" srcset=\"https:\/\/blog.slow-mo.de\/wp-content\/uploads\/2017\/12\/Blot_Dezember-2017-300x213.jpg 300w, https:\/\/blog.slow-mo.de\/wp-content\/uploads\/2017\/12\/Blot_Dezember-2017-768x545.jpg 768w, https:\/\/blog.slow-mo.de\/wp-content\/uploads\/2017\/12\/Blot_Dezember-2017-1024x727.jpg 1024w, https:\/\/blog.slow-mo.de\/wp-content\/uploads\/2017\/12\/Blot_Dezember-2017.jpg 1352w\" sizes=\"(max-width: 300px) 100vw, 300px\" \/><\/a><\/p>\n<p>In den anschlie\u00dfenden Sumbelrunden ehrten wir Odin und Freya als Anf\u00fchrer der Wilden Jagd in diesen zw\u00f6lf Rauhn\u00e4chten. Wir erhoben das Horn auf Baldur, der die R\u00fcckkehr des Lichtes symbolisiert. Es wurden Misteln verbrannt, die traditionell in diesen Tagen die T\u00fcrschwellen, -Rahmen oder Hausalt\u00e4re der heidnischen H\u00e4user schm\u00fcckt. Die Mistel ist eine sehr alte Schutz- und Zauberpflanze.<\/p>\n<p>Das Horn kreiste nat\u00fcrlich und diesmal besonders zu Ehren der Ahnen, da in diesen zw\u00f6lf N\u00e4chten die Tore zur jenseitigen Welt g\u00e4nzlich offen stehen und die Ahnen besonders leicht mit uns Kontakt aufnehmen k\u00f6nnen.<\/p>\n<p><a href=\"http:\/\/blog.slow-mo.de\/wp-content\/uploads\/2017\/12\/238221303_144362.jpg\"><img loading=\"lazy\" class=\"aligncenter size-medium wp-image-1174\" src=\"http:\/\/blog.slow-mo.de\/wp-content\/uploads\/2017\/12\/238221303_144362-169x300.jpg\" alt=\"\" width=\"169\" height=\"300\" srcset=\"https:\/\/blog.slow-mo.de\/wp-content\/uploads\/2017\/12\/238221303_144362-169x300.jpg 169w, https:\/\/blog.slow-mo.de\/wp-content\/uploads\/2017\/12\/238221303_144362-576x1024.jpg 576w, https:\/\/blog.slow-mo.de\/wp-content\/uploads\/2017\/12\/238221303_144362.jpg 720w\" sizes=\"(max-width: 169px) 100vw, 169px\" \/><\/a><\/p>\n<p><a href=\"http:\/\/blog.slow-mo.de\/wp-content\/uploads\/2017\/12\/235138033_92938.jpg\"><img loading=\"lazy\" class=\"aligncenter wp-image-1175 size-medium\" src=\"http:\/\/blog.slow-mo.de\/wp-content\/uploads\/2017\/12\/235138033_92938-300x169.jpg\" alt=\"\" width=\"300\" height=\"169\" srcset=\"https:\/\/blog.slow-mo.de\/wp-content\/uploads\/2017\/12\/235138033_92938-300x169.jpg 300w, https:\/\/blog.slow-mo.de\/wp-content\/uploads\/2017\/12\/235138033_92938-768x432.jpg 768w, https:\/\/blog.slow-mo.de\/wp-content\/uploads\/2017\/12\/235138033_92938-1024x576.jpg 1024w, https:\/\/blog.slow-mo.de\/wp-content\/uploads\/2017\/12\/235138033_92938.jpg 1280w\" sizes=\"(max-width: 300px) 100vw, 300px\" \/><\/a>Die D\u00e4mmerung senkte sich langsam \u00fcber den Platz, das Feuer war heruntergebrannt und nur die Glut lie\u00df das Opferr\u00e4ucherwerk noch verglimmen. Der Mond in seinem letzten Viertel kurz vor Vollmond kam heraus und zeigte sich in nebligem Gewand.<\/p>\n<div id=\"attachment_1176\" style=\"width: 310px\" class=\"wp-caption aligncenter\"><a href=\"http:\/\/blog.slow-mo.de\/wp-content\/uploads\/2017\/12\/Mond.jpg\"><img aria-describedby=\"caption-attachment-1176\" loading=\"lazy\" class=\"size-medium wp-image-1176\" src=\"http:\/\/blog.slow-mo.de\/wp-content\/uploads\/2017\/12\/Mond-300x101.jpg\" alt=\"\" width=\"300\" height=\"101\" srcset=\"https:\/\/blog.slow-mo.de\/wp-content\/uploads\/2017\/12\/Mond-300x101.jpg 300w, https:\/\/blog.slow-mo.de\/wp-content\/uploads\/2017\/12\/Mond-768x258.jpg 768w, https:\/\/blog.slow-mo.de\/wp-content\/uploads\/2017\/12\/Mond-1024x345.jpg 1024w, https:\/\/blog.slow-mo.de\/wp-content\/uploads\/2017\/12\/Mond.jpg 1700w\" sizes=\"(max-width: 300px) 100vw, 300px\" \/><\/a><p id=\"caption-attachment-1176\" class=\"wp-caption-text\">Mondbegl\u00e4nzte Zaubernacht,<br \/>Die den Sinn gefangen h\u00e4lt,<br \/>Wundervolle M\u00e4rchenwelt,<br \/>Steig&#8216; auf in der alten Pracht!<\/p><\/div>\n<p>Es wurde still, vereinzelte V\u00f6gel huschten vorbei auf der Suche nach ihren Schlafpl\u00e4tzen.<\/p>\n<p>Wer in diesen N\u00e4chten nach Einbruch der Dunkelheit durch W\u00e4lder und Felder streift sei zur Vorsicht ermahnt. Den die wilde Jagd ist unterwegs und wer ihr begegnet kann leicht vom Weg abkommen oder straucheln. Diese Symbolik will uns sagen, dass wir in diesen Tagen die W\u00e4rme und Geborgenheit unserer H\u00e4user genie\u00dfen sollen. Die Natur soll ungest\u00f6rt sein, denn sie bereitet sich langsam vor auf das Wiedererwachen.<\/p>\n<p>Wir wollen schlie\u00dflich auch nicht in den fr\u00fchen Morgenstunden der Nacht aus dem Schlaf gerissen werden, wenn unser K\u00f6rper sich regeneriert und neue Zellen bildet.<\/p>\n<p>In der Silvesternacht darf die wilde Jagd mit bengalischen Feuern und bunten Raketen unterst\u00fctzt werden. So ist es Sitte und Brauch.<\/p>\n<p>Gesegnete Rauhn\u00e4chte und ein harmonisches Hin\u00fcbergleiten in das neue Kalenderjahr!<\/p>\n<p>Von Drea<\/p>\n<div id=\"attachment_1179\" style=\"width: 310px\" class=\"wp-caption aligncenter\"><a href=\"http:\/\/blog.slow-mo.de\/wp-content\/uploads\/2017\/12\/Jultanne.jpg\"><img aria-describedby=\"caption-attachment-1179\" loading=\"lazy\" class=\"size-medium wp-image-1179\" src=\"http:\/\/blog.slow-mo.de\/wp-content\/uploads\/2017\/12\/Jultanne-300x150.jpg\" alt=\"\" width=\"300\" height=\"150\" srcset=\"https:\/\/blog.slow-mo.de\/wp-content\/uploads\/2017\/12\/Jultanne-300x150.jpg 300w, https:\/\/blog.slow-mo.de\/wp-content\/uploads\/2017\/12\/Jultanne-768x384.jpg 768w, https:\/\/blog.slow-mo.de\/wp-content\/uploads\/2017\/12\/Jultanne-1024x512.jpg 1024w, https:\/\/blog.slow-mo.de\/wp-content\/uploads\/2017\/12\/Jultanne.jpg 1920w\" sizes=\"(max-width: 300px) 100vw, 300px\" \/><\/a><p id=\"caption-attachment-1179\" class=\"wp-caption-text\">Die Jultanne wurde nat\u00fcrlich auch geschm\u00fcckt<\/p><\/div>\n<p>&nbsp;<\/p>\n<p style=\"text-align: center;\"><span id=\"messageContent\" style=\"color: #99ccff;\">Sch\u00f6ne Mondfrau<\/span><\/p>\n<p style=\"text-align: center;\"><span style=\"color: #99ccff;\">Sch\u00f6ne Mondfrau, gehst du schlafen<\/span><br \/>\n<span style=\"color: #99ccff;\"> L\u00e4chelnd und so munter,<\/span><br \/>\n<span style=\"color: #99ccff;\"> Leise mit den Silberschafen<\/span><br \/>\n<span style=\"color: #99ccff;\"> In die Nacht hinunter?<\/span><\/p>\n<p style=\"text-align: center;\"><span style=\"color: #99ccff;\">O und du im hellen Kleide,<\/span><br \/>\n<span style=\"color: #99ccff;\"> Liebe Schehrazade,<\/span><br \/>\n<span style=\"color: #99ccff;\"> Spielst du, dass die Nacht nicht leide<\/span><br \/>\n<span style=\"color: #99ccff;\"> Deine Serenade?<\/span><\/p>\n<p style=\"text-align: center;\"><span style=\"color: #99ccff;\">Wanderm\u00fcde, wandertrunken<\/span><br \/>\n<span style=\"color: #99ccff;\"> Komm in meine Ruhe.<\/span><br \/>\n<span style=\"color: #99ccff;\"> Blaue, weiche Sternenfunken<\/span><br \/>\n<span style=\"color: #99ccff;\"> K\u00fcssen deine Schuhe.<\/span><\/p>\n<p style=\"text-align: center;\"><span style=\"color: #99ccff;\">Sieh, die Nacht ist s lebendig,<\/span><br \/>\n<span style=\"color: #99ccff;\"> Voller Duft und Gnade.<\/span><br \/>\n<span style=\"color: #99ccff;\"> In den B\u00e4umen eigenh\u00e4ndig<\/span><br \/>\n<span style=\"color: #99ccff;\"> Spielt sie sich die Serenade.<\/span><\/p>\n<p style=\"text-align: center;\"><span style=\"color: #99ccff;\">Otto Julius Bierbaum (1865-1910)<\/span><\/p>\n","protected":false},"excerpt":{"rendered":"<p>Am 29. Dezember traf sich der Herd Aldsidu Honovere zum Abschlussbl\u00f3t auf dem Herdgrundst\u00fcck. Der einzige sonnige Tag im Dezember konnte man schon fast sagen. Da hatten wir richtig Gl\u00fcck. Der Wind kam v\u00f6llig zum Erliegen und es lag eine &hellip; <a href=\"https:\/\/blog.slow-mo.de\/?p=1167\">Weiterlesen <span class=\"meta-nav\">&rarr;<\/span><\/a><\/p>\n","protected":false},"author":1,"featured_media":0,"comment_status":"closed","ping_status":"closed","sticky":false,"template":"","format":"standard","meta":[],"categories":[11],"tags":[],"_links":{"self":[{"href":"https:\/\/blog.slow-mo.de\/index.php?rest_route=\/wp\/v2\/posts\/1167"}],"collection":[{"href":"https:\/\/blog.slow-mo.de\/index.php?rest_route=\/wp\/v2\/posts"}],"about":[{"href":"https:\/\/blog.slow-mo.de\/index.php?rest_route=\/wp\/v2\/types\/post"}],"author":[{"embeddable":true,"href":"https:\/\/blog.slow-mo.de\/index.php?rest_route=\/wp\/v2\/users\/1"}],"replies":[{"embeddable":true,"href":"https:\/\/blog.slow-mo.de\/index.php?rest_route=%2Fwp%2Fv2%2Fcomments&post=1167"}],"version-history":[{"count":7,"href":"https:\/\/blog.slow-mo.de\/index.php?rest_route=\/wp\/v2\/posts\/1167\/revisions"}],"predecessor-version":[{"id":1184,"href":"https:\/\/blog.slow-mo.de\/index.php?rest_route=\/wp\/v2\/posts\/1167\/revisions\/1184"}],"wp:attachment":[{"href":"https:\/\/blog.slow-mo.de\/index.php?rest_route=%2Fwp%2Fv2%2Fmedia&parent=1167"}],"wp:term":[{"taxonomy":"category","embeddable":true,"href":"https:\/\/blog.slow-mo.de\/index.php?rest_route=%2Fwp%2Fv2%2Fcategories&post=1167"},{"taxonomy":"post_tag","embeddable":true,"href":"https:\/\/blog.slow-mo.de\/index.php?rest_route=%2Fwp%2Fv2%2Ftags&post=1167"}],"curies":[{"name":"wp","href":"https:\/\/api.w.org\/{rel}","templated":true}]}}