{"id":1153,"date":"2017-11-22T21:04:15","date_gmt":"2017-11-22T21:04:15","guid":{"rendered":"http:\/\/blog.slow-mo.de\/?p=1153"},"modified":"2017-12-31T12:34:45","modified_gmt":"2017-12-31T12:34:45","slug":"novemberritual-2017","status":"publish","type":"post","link":"https:\/\/blog.slow-mo.de\/?p=1153","title":{"rendered":"Novemberritual 2017"},"content":{"rendered":"<p style=\"text-align: center;\"><em><span style=\"color: #cc99ff;\">&#8230; und jedem Anfang wohnt ein Zauber inne&#8230;<\/span><\/em><\/p>\n<hr \/>\n<p>Am 18.11 traf sich der Herd Aldsidu Honovere zum Novemberbl\u00f2t auf dem Herdgrundst\u00fcck.<\/p>\n<p style=\"padding-left: 90px;\">Regen\u2026.hatten wir schon<\/p>\n<p style=\"padding-left: 90px;\">Sturm\u2026hatten wir auch schon<\/p>\n<p style=\"padding-left: 90px;\">Regen UND Sturm\u2026.das war neu.<\/p>\n<p>Die G\u00f6tter fanden es sicher in Ordnung, dass wir das ganze etwas abgek\u00fcrzt haben. Das Feuer mittels einer Fackel anzuz\u00fcnden war zwar schwierig, aber nicht unm\u00f6glich.<\/p>\n<p>&nbsp;<\/p>\n<div id=\"attachment_1158\" style=\"width: 230px\" class=\"wp-caption alignleft\"><a href=\"http:\/\/blog.slow-mo.de\/wp-content\/uploads\/2017\/11\/Fackel.jpg\"><img aria-describedby=\"caption-attachment-1158\" loading=\"lazy\" class=\" wp-image-1158\" src=\"http:\/\/blog.slow-mo.de\/wp-content\/uploads\/2017\/11\/Fackel-269x300.jpg\" alt=\"\" width=\"220\" height=\"245\" srcset=\"https:\/\/blog.slow-mo.de\/wp-content\/uploads\/2017\/11\/Fackel-269x300.jpg 269w, https:\/\/blog.slow-mo.de\/wp-content\/uploads\/2017\/11\/Fackel.jpg 741w\" sizes=\"(max-width: 220px) 100vw, 220px\" \/><\/a><p id=\"caption-attachment-1158\" class=\"wp-caption-text\">Anz\u00fcnden ging nur im Windschatten<\/p><\/div>\n<div id=\"attachment_1159\" style=\"width: 282px\" class=\"wp-caption alignleft\"><a href=\"http:\/\/blog.slow-mo.de\/wp-content\/uploads\/2017\/11\/Feuer.jpg\"><img aria-describedby=\"caption-attachment-1159\" loading=\"lazy\" class=\" wp-image-1159\" src=\"http:\/\/blog.slow-mo.de\/wp-content\/uploads\/2017\/11\/Feuer-300x293.jpg\" alt=\"\" width=\"272\" height=\"265\" srcset=\"https:\/\/blog.slow-mo.de\/wp-content\/uploads\/2017\/11\/Feuer-300x293.jpg 300w, https:\/\/blog.slow-mo.de\/wp-content\/uploads\/2017\/11\/Feuer-768x749.jpg 768w, https:\/\/blog.slow-mo.de\/wp-content\/uploads\/2017\/11\/Feuer.jpg 855w\" sizes=\"(max-width: 272px) 100vw, 272px\" \/><\/a><p id=\"caption-attachment-1159\" class=\"wp-caption-text\">Zunten&#8230;<\/p><\/div>\n<p>&nbsp;<\/p>\n<p>&nbsp;<\/p>\n<p>&nbsp;<\/p>\n<p>&nbsp;<\/p>\n<p>&nbsp;<\/p>\n<p>&nbsp;<\/p>\n<p>&nbsp;<\/p>\n<p>&nbsp;<\/p>\n<p>Am heutigen Tag begleitete uns ein intensiver Neumond. Wir befinden uns mitten im November, dem Ahnenmonat. Eigentlich kennen die meisten die Nacht vom 31.10. auf den 1.11. als Samhain (Halloween) Nacht. Tats\u00e4chlich aber, so ist es in einigen Quellen \u00fcberliefert, f\u00e4llt der Tag des neuen Jahres (das Jahresrad beginnt sich von vorn zu drehen, so war es bei unseren Altvorderen, unseren Ahnen) auf den November-Neumond. Wir treten jetzt ein durch die dunklen Tore\u2026 steigen hinab in die stillen Schatten, Tod und Vergehen stehen jetzt im Vordergrund. Themen, die niemand gerne mag, \u00fcber die man besonders in unserer Kultur nicht spricht. Das Bewusstsein der Sterblichkeit wird an den Rand gedr\u00e4ngt.<\/p>\n<div id=\"attachment_1157\" style=\"width: 203px\" class=\"wp-caption aligncenter\"><a href=\"http:\/\/blog.slow-mo.de\/wp-content\/uploads\/2017\/11\/Altar_Wind.jpg\"><img aria-describedby=\"caption-attachment-1157\" loading=\"lazy\" class=\"size-medium wp-image-1157\" src=\"http:\/\/blog.slow-mo.de\/wp-content\/uploads\/2017\/11\/Altar_Wind-193x300.jpg\" alt=\"\" width=\"193\" height=\"300\" srcset=\"https:\/\/blog.slow-mo.de\/wp-content\/uploads\/2017\/11\/Altar_Wind-193x300.jpg 193w, https:\/\/blog.slow-mo.de\/wp-content\/uploads\/2017\/11\/Altar_Wind-768x1196.jpg 768w, https:\/\/blog.slow-mo.de\/wp-content\/uploads\/2017\/11\/Altar_Wind-658x1024.jpg 658w, https:\/\/blog.slow-mo.de\/wp-content\/uploads\/2017\/11\/Altar_Wind.jpg 883w\" sizes=\"(max-width: 193px) 100vw, 193px\" \/><\/a><p id=\"caption-attachment-1157\" class=\"wp-caption-text\">Altar im Wind<\/p><\/div>\n<p>Kleiner pers\u00f6nlicher Einschub: Auf der Fahrt zum Grundst\u00fcck kam die Meldung im Radio, dass einer meiner Jugendidole verstorben sei. Wenn man bei einem so sensiblen Thema wie das Sterben \u00fcberhaupt von einem \u201erichtigen Zeitpunkt\u201c sprechen kann, so war der Zeitpunkt um den heutigen Tag wohl tats\u00e4chlich passend, so dachte ich mir. So habe ich dann auch mein Horn auf einen der gr\u00f6\u00dften Rhythmusgitarristen aller Zeiten gehoben. \u201eFahre wohl zu Hel, Malcolm Young. Du hast mir in meiner Jugend, gepr\u00e4gt von Verwirrung und Desorientierung, Halt und Trost gegeben mit der Musik.\u201c Diese pers\u00f6nlichen Worte m\u00fcssen jetzt einfach sein\u2026.<\/p>\n<div id=\"attachment_1155\" style=\"width: 236px\" class=\"wp-caption aligncenter\"><a href=\"http:\/\/blog.slow-mo.de\/wp-content\/uploads\/2017\/11\/Altar_Detail_1.jpg\"><img aria-describedby=\"caption-attachment-1155\" loading=\"lazy\" class=\"size-medium wp-image-1155\" src=\"http:\/\/blog.slow-mo.de\/wp-content\/uploads\/2017\/11\/Altar_Detail_1-226x300.jpg\" alt=\"\" width=\"226\" height=\"300\" srcset=\"https:\/\/blog.slow-mo.de\/wp-content\/uploads\/2017\/11\/Altar_Detail_1-226x300.jpg 226w, https:\/\/blog.slow-mo.de\/wp-content\/uploads\/2017\/11\/Altar_Detail_1.jpg 575w\" sizes=\"(max-width: 226px) 100vw, 226px\" \/><\/a><p id=\"caption-attachment-1155\" class=\"wp-caption-text\">Altar<\/p><\/div>\n<div id=\"attachment_1156\" style=\"width: 238px\" class=\"wp-caption aligncenter\"><a href=\"http:\/\/blog.slow-mo.de\/wp-content\/uploads\/2017\/11\/Altar_Detail_2.jpg\"><img aria-describedby=\"caption-attachment-1156\" loading=\"lazy\" class=\"size-medium wp-image-1156\" src=\"http:\/\/blog.slow-mo.de\/wp-content\/uploads\/2017\/11\/Altar_Detail_2-228x300.jpg\" alt=\"\" width=\"228\" height=\"300\" srcset=\"https:\/\/blog.slow-mo.de\/wp-content\/uploads\/2017\/11\/Altar_Detail_2-228x300.jpg 228w, https:\/\/blog.slow-mo.de\/wp-content\/uploads\/2017\/11\/Altar_Detail_2.jpg 546w\" sizes=\"(max-width: 228px) 100vw, 228px\" \/><\/a><p id=\"caption-attachment-1156\" class=\"wp-caption-text\">die Elemente<\/p><\/div>\n<p>Zur\u00fcck zu unserer kleinen, feierlichen Zeremonie.<\/p>\n<p>W\u00e4hrend wir Worte zum Thema sprachen, Gedichte verlasen und die Sumbelrunden vollzogen, legten sich der Wind und der Regen und ein gro\u00dfer Raubvogel flog ganz nah an uns vorbei und entsendete uns somit seinen Gru\u00df.<\/p>\n<p>Es geht in dieser Zeit nicht nur um das Sterben, sondern auch um den Neubeginn. Damit etwas Neues entstehen kann, muss das Alte vergehen. Ohne Tod gibt es kein Leben. Wir Menschen neigen dazu, alles festhalten zu wollen. Doch was passiert dann\u2026? Alle R\u00e4ume werden voller und voller. Es gibt bald kein Platz mehr f\u00fcr Neues. Es ist so wichtig, loslassen zu k\u00f6nnen.<\/p>\n<p>So wie ein Schwanenpaar seine Jungen vertreibt, um Platz f\u00fcr die n\u00e4chsten K\u00fcken zu machen. Uns erscheint so etwas vielleicht \u201egrausam\u201c.\u00a0 Die Natur sagt ganz klar: \u201eLass es gehen, sonst kann nichts Neues geschehn\u201c<\/p>\n<p>Das gilt auch f\u00fcr W\u00fcnsche. Wenn wir uns etwas w\u00fcnschen, dann erf\u00fcllt es sich oft am Leichtesten, wenn wir diesen Wunsch nicht festklammern, sondern wirklich loslassen. Ein Wunsch ist dann frei, wenn wir es schaffen zu sagen: \u201eEs ist okay, wenn der Wunsch nicht erf\u00fcllt wird, doch wenn, dann freue ich mich umso mehr.\u201c<\/p>\n<p>Das wurde uns heute besonders bewusst, da dem Herd ein gro\u00dfer Wunsch erf\u00fcllt wurde. Obwohl wir uns schon verabschiedet hatten\u2026es loslie\u00dfen\u2026der Wunsch wurde erf\u00fcllt. Es ging etwas zu Ende\u2026und beginnt zugleich neu. Wie passend f\u00fcr diesen Tag.<\/p>\n<p>Und so kommt es zur abschlie\u00dfenden Erkenntnis:<\/p>\n<p><em>Wir haben nicht alles, was wir uns w\u00fcnschen, doch wir haben alles, was wir brauchen. Denn wenn wir alles h\u00e4tten, was wir uns w\u00fcnschen, dann g\u00e4be es keinen Motor mehr, der uns weitertreibt, und dann h\u00e4tten wir nicht mehr alles, was wir brauchen. Denn die Sehnsucht wurde uns fehlen. Ohne Sehns\u00fcchte und W\u00fcnsche versinkt der Mensch in grauer Ein\u00f6de.<\/em><\/p>\n<p>Von Drea<\/p>\n","protected":false},"excerpt":{"rendered":"<p>&#8230; und jedem Anfang wohnt ein Zauber inne&#8230; Am 18.11 traf sich der Herd Aldsidu Honovere zum Novemberbl\u00f2t auf dem Herdgrundst\u00fcck. Regen\u2026.hatten wir schon Sturm\u2026hatten wir auch schon Regen UND Sturm\u2026.das war neu. Die G\u00f6tter fanden es sicher in Ordnung, &hellip; <a href=\"https:\/\/blog.slow-mo.de\/?p=1153\">Weiterlesen <span class=\"meta-nav\">&rarr;<\/span><\/a><\/p>\n","protected":false},"author":1,"featured_media":0,"comment_status":"closed","ping_status":"closed","sticky":false,"template":"","format":"standard","meta":[],"categories":[11],"tags":[],"_links":{"self":[{"href":"https:\/\/blog.slow-mo.de\/index.php?rest_route=\/wp\/v2\/posts\/1153"}],"collection":[{"href":"https:\/\/blog.slow-mo.de\/index.php?rest_route=\/wp\/v2\/posts"}],"about":[{"href":"https:\/\/blog.slow-mo.de\/index.php?rest_route=\/wp\/v2\/types\/post"}],"author":[{"embeddable":true,"href":"https:\/\/blog.slow-mo.de\/index.php?rest_route=\/wp\/v2\/users\/1"}],"replies":[{"embeddable":true,"href":"https:\/\/blog.slow-mo.de\/index.php?rest_route=%2Fwp%2Fv2%2Fcomments&post=1153"}],"version-history":[{"count":3,"href":"https:\/\/blog.slow-mo.de\/index.php?rest_route=\/wp\/v2\/posts\/1153\/revisions"}],"predecessor-version":[{"id":1162,"href":"https:\/\/blog.slow-mo.de\/index.php?rest_route=\/wp\/v2\/posts\/1153\/revisions\/1162"}],"wp:attachment":[{"href":"https:\/\/blog.slow-mo.de\/index.php?rest_route=%2Fwp%2Fv2%2Fmedia&parent=1153"}],"wp:term":[{"taxonomy":"category","embeddable":true,"href":"https:\/\/blog.slow-mo.de\/index.php?rest_route=%2Fwp%2Fv2%2Fcategories&post=1153"},{"taxonomy":"post_tag","embeddable":true,"href":"https:\/\/blog.slow-mo.de\/index.php?rest_route=%2Fwp%2Fv2%2Ftags&post=1153"}],"curies":[{"name":"wp","href":"https:\/\/api.w.org\/{rel}","templated":true}]}}