{"id":1121,"date":"2017-10-10T06:57:06","date_gmt":"2017-10-10T06:57:06","guid":{"rendered":"http:\/\/blog.slow-mo.de\/?p=1121"},"modified":"2017-10-16T20:01:45","modified_gmt":"2017-10-16T20:01:45","slug":"herbstfestritual-2017","status":"publish","type":"post","link":"https:\/\/blog.slow-mo.de\/?p=1121","title":{"rendered":"Herbstfestritual 2017"},"content":{"rendered":"<p>Am Samstag, den 7.10.17 traf sich der Herd Aldsidu Honovere zum \u201eErnteabschlu\u00dfbl\u00f3t\u201c auf dem\u00a0 Grundst\u00fcck.<\/p>\n<div id=\"attachment_1122\" style=\"width: 179px\" class=\"wp-caption aligncenter\"><a href=\"http:\/\/blog.slow-mo.de\/wp-content\/uploads\/2017\/10\/20171007_143003.jpg\"><img aria-describedby=\"caption-attachment-1122\" loading=\"lazy\" class=\"size-medium wp-image-1122\" src=\"http:\/\/blog.slow-mo.de\/wp-content\/uploads\/2017\/10\/20171007_143003-169x300.jpg\" alt=\"\" width=\"169\" height=\"300\" srcset=\"https:\/\/blog.slow-mo.de\/wp-content\/uploads\/2017\/10\/20171007_143003-169x300.jpg 169w, https:\/\/blog.slow-mo.de\/wp-content\/uploads\/2017\/10\/20171007_143003-576x1024.jpg 576w, https:\/\/blog.slow-mo.de\/wp-content\/uploads\/2017\/10\/20171007_143003.jpg 598w\" sizes=\"(max-width: 169px) 100vw, 169px\" \/><\/a><p id=\"caption-attachment-1122\" class=\"wp-caption-text\">Altar<\/p><\/div>\n<p>Zugegeben, bei Dauerregen und 10 Grad ist es bestimmt netter, sich gem\u00fctlich zu Hause einzumummeln, aber wer Asatru lebt, der l\u00e4sst sich von so ein bisschen erh\u00f6hter Luftfeuchtigkeit nicht entmutigen \ud83d\ude42<\/p>\n<p>Ein Feuer zu entfachen gelingt uns inzwischen eh bei jedem Wetter, den es gibt ja Anz\u00fcndhilfen wie Fackeln, K\u00fcchenbunsenbrenner und \u00e4hnliches\u2026.<\/p>\n<p>Das Thema heute war \u201eEinl\u00e4uten der dunklen Jahreszeit\u201c:<\/p>\n<p>Die Ernten sind weitestgehend eingefahren. Nur der Mais trotzt noch den zur Zeit krassen Wetterwechseln, geduldig wartend auf den ersten Frost, damit er Zucker bilden und den Tieren als leckeres Futter dienen kann.<\/p>\n<p>Wir bereiten uns langsam auf die dunkle Jahreszeit vor, motten die Sommersachen ein und kramen die dicken Jacken hervor, erfreuen uns an Kerzenschein, duftendem Holzfeuer und den ersten Lebkuchen.<\/p>\n<p>Wir r\u00fccken wieder n\u00e4her heran an unsere Ahnen. Der November ist der \u201eAhnenmonat\u201c. Die T\u00fcren zu den jenseitigen Welten werden wieder ge\u00f6ffnet und es f\u00e4llt uns leichter, die Energien der jenseitigen Sph\u00e4ren zu sp\u00fcren.<\/p>\n<div id=\"attachment_1128\" style=\"width: 310px\" class=\"wp-caption aligncenter\"><a href=\"http:\/\/blog.slow-mo.de\/wp-content\/uploads\/2017\/10\/Details.jpg\"><img aria-describedby=\"caption-attachment-1128\" loading=\"lazy\" class=\"size-medium wp-image-1128\" src=\"http:\/\/blog.slow-mo.de\/wp-content\/uploads\/2017\/10\/Details-300x169.jpg\" alt=\"\" width=\"300\" height=\"169\" srcset=\"https:\/\/blog.slow-mo.de\/wp-content\/uploads\/2017\/10\/Details-300x169.jpg 300w, https:\/\/blog.slow-mo.de\/wp-content\/uploads\/2017\/10\/Details-768x432.jpg 768w, https:\/\/blog.slow-mo.de\/wp-content\/uploads\/2017\/10\/Details-1024x577.jpg 1024w, https:\/\/blog.slow-mo.de\/wp-content\/uploads\/2017\/10\/Details.jpg 1801w\" sizes=\"(max-width: 300px) 100vw, 300px\" \/><\/a><p id=\"caption-attachment-1128\" class=\"wp-caption-text\">Altar<\/p><\/div>\n<p>Im Ritual wurde unter anderem Thor, der Besch\u00fctzer der Menschen geehrt. In den vergangenen Tagen hatte er alle H\u00e4nde voll zu tun. Wir erinnern uns\u2026<\/p>\n<p>Ein schwerer Orkan fegte \u00fcber Norddeutschland hinweg, legte ganze Bahnstrecken lahm, tausende von B\u00e4umen st\u00fcrzten um, Menschen sa\u00dfen auf Bahnh\u00f6fen fest, sogar Todesopfer gibt es zu beklagen. Doch bei all dem m\u00fcssen wir uns immer wieder vor Augen halten: St\u00fcrme sind wichtig, die Natur zu reinigen, B\u00e4ume m\u00fcssen durchlichtet werden, damit wieder mehr Licht zum Boden durchdringen kann. Die wirbelnde Energie wird gebraucht, alles neu zu durchmischen, oben ist unten, unten ist oben\u2026 wir haben die Chance, die Dinge auch mal von anderen Seiten zu betrachten.<\/p>\n<p>Der m\u00e4chtige Thor hat uns dennoch vor den schlimmsten Sturmriesen besch\u00fctzt, denn es gibt zweifelsohne noch wesentlich krassere Sturmmonster (siehe zB die Hurrikane Irma und Maria mit fast 300 km\/h)!<\/p>\n<p>M\u00f6ge Thor weiter \u201eso einen guten Job\u201c machen und uns auch vor allzu schlimmen Winterst\u00fcrmen und schlimmen Fr\u00f6sten bewahren.<\/p>\n<p>Viel mehr m\u00f6chten wir die kalte Jahreszeit willkommen hei\u00dfen, mal wieder gem\u00fctlich mit Freunden in der warmen Stube sitzen, gute Gespr\u00e4che f\u00fchren, Pl\u00e4ne f\u00fcr das kommende Jahr schmieden, lachen und leckeres Essen genie\u00dfen. Oder einfach mal einen ganzen Tag lang nur ruml\u00fcmmeln, nichts treibt einen raus bei dem Wetter. Zeit f\u00fcr uns, mal wieder inne zu halten, entschleunigen\u2026.<\/p>\n<p>Zu Beginn und zum Abschluss des Bl\u00f3ts wurden kleine, perfekt zu Wetter und Thema passende Gedichte verlesen. Nach den Sumbelrunden \u00fcbergab man der Feuerglut duftende Rauchopfer und zum Anschluss wurde das Ganze mit einem kleinen Snack abgerundet.<\/p>\n<div id=\"attachment_1127\" style=\"width: 210px\" class=\"wp-caption aligncenter\"><a href=\"http:\/\/blog.slow-mo.de\/wp-content\/uploads\/2017\/10\/Brunch.jpg\"><img aria-describedby=\"caption-attachment-1127\" loading=\"lazy\" class=\"size-medium wp-image-1127\" src=\"http:\/\/blog.slow-mo.de\/wp-content\/uploads\/2017\/10\/Brunch-200x300.jpg\" alt=\"\" width=\"200\" height=\"300\" srcset=\"https:\/\/blog.slow-mo.de\/wp-content\/uploads\/2017\/10\/Brunch-200x300.jpg 200w, https:\/\/blog.slow-mo.de\/wp-content\/uploads\/2017\/10\/Brunch.jpg 598w\" sizes=\"(max-width: 200px) 100vw, 200px\" \/><\/a><p id=\"caption-attachment-1127\" class=\"wp-caption-text\">Snacks im Regen<\/p><\/div>\n<p>Und wie immer kam auch der Humor nicht zu kurz. \u00a0Daher zum Schluss zwei kleine Zitate, dem Wetter trotzend:<\/p>\n<ol>\n<li>Solange die Pf\u00fctzen nicht gefroren sind, ist es Sommer<\/li>\n<li>Wo kein Schnee liegt, kann man laufen.<\/li>\n<\/ol>\n<p>In diesem Sinne\u2026.wir w\u00fcnschen allen einen sch\u00f6nen, gesegneten Herbst. Genie\u00dft eure Ernte und feiert den Beginn der Gem\u00fctlichkeit.<\/p>\n<p>Von Drea<\/p>\n<p>&nbsp;<\/p>\n<p style=\"text-align: center;\"><span id=\"messageContent\" style=\"color: #008000;\">An die Wolken<\/span><\/p>\n<p style=\"text-align: center;\"><span style=\"color: #008000;\">Es jagen die St\u00fcrme<\/span><br \/>\n<span style=\"color: #008000;\"> Am herbstlichen Himmel<\/span><br \/>\n<span style=\"color: #008000;\"> Die fliehenden Wolken;<\/span><br \/>\n<span style=\"color: #008000;\"> Es wehen die Bl\u00e4tter<\/span><br \/>\n<span style=\"color: #008000;\"> Des Haines hernieder,<\/span><br \/>\n<span style=\"color: #008000;\"> Es h\u00fcllt sich in Nebel<\/span><br \/>\n<span style=\"color: #008000;\"> Das ferne Gebirg. \u2013<\/span><\/p>\n<p style=\"text-align: center;\"><span style=\"color: #008000;\">O jaget, Ihr Wolken,<\/span><br \/>\n<span style=\"color: #008000;\"> In st\u00fcrmender Eile.<\/span><br \/>\n<span style=\"color: #008000;\"> Ihr ziehet nach S\u00fcden,<\/span><br \/>\n<span style=\"color: #008000;\"> Wo freundlich die Sonne<\/span><br \/>\n<span style=\"color: #008000;\"> Den wehenden Schleier<\/span><br \/>\n<span style=\"color: #008000;\"> Euch liebevoll schm\u00fccket<\/span><br \/>\n<span style=\"color: #008000;\"> Mit goldenem Saum.<\/span><\/p>\n<p style=\"text-align: center;\"><span style=\"color: #008000;\">Mich trieben die St\u00fcrme<\/span><br \/>\n<span style=\"color: #008000;\"> Des Schicksals nach Norden<\/span><br \/>\n<span style=\"color: #008000;\"> Dort mangelt mir ewig<\/span><br \/>\n<span style=\"color: #008000;\"> Die Sonne der Freude,<\/span><br \/>\n<span style=\"color: #008000;\"> Und nimmer verkl\u00e4ret<\/span><br \/>\n<span style=\"color: #008000;\"> Ihr L\u00e4cheln die Wolken<\/span><br \/>\n<span style=\"color: #008000;\"> Des d\u00fcsteren Sinnes.<\/span><\/p>\n<p style=\"text-align: center;\"><span style=\"color: #008000;\">Und darum geleit&#8216; ich<\/span><br \/>\n<span style=\"color: #008000;\"> Mit Seufzern der Sehnsucht<\/span><br \/>\n<span style=\"color: #008000;\"> Euch, luftige Bilder<\/span><br \/>\n<span style=\"color: #008000;\"> Der wechselnden Laune<\/span><br \/>\n<span style=\"color: #008000;\"> Des ewigen Himmels,<\/span><br \/>\n<span style=\"color: #008000;\"> Und fl\u00fcchtete gerne<\/span><br \/>\n<span style=\"color: #008000;\"> Nach S\u00fcden mit Euch.<\/span><\/p>\n<p style=\"text-align: center;\"><span style=\"color: #008000;\">Charlotte von Ahlefeld (1781-1849)<\/span><\/p>\n","protected":false},"excerpt":{"rendered":"<p>Am Samstag, den 7.10.17 traf sich der Herd Aldsidu Honovere zum \u201eErnteabschlu\u00dfbl\u00f3t\u201c auf dem\u00a0 Grundst\u00fcck. Zugegeben, bei Dauerregen und 10 Grad ist es bestimmt netter, sich gem\u00fctlich zu Hause einzumummeln, aber wer Asatru lebt, der l\u00e4sst sich von so ein &hellip; <a href=\"https:\/\/blog.slow-mo.de\/?p=1121\">Weiterlesen <span class=\"meta-nav\">&rarr;<\/span><\/a><\/p>\n","protected":false},"author":1,"featured_media":0,"comment_status":"closed","ping_status":"closed","sticky":false,"template":"","format":"standard","meta":[],"categories":[11],"tags":[],"_links":{"self":[{"href":"https:\/\/blog.slow-mo.de\/index.php?rest_route=\/wp\/v2\/posts\/1121"}],"collection":[{"href":"https:\/\/blog.slow-mo.de\/index.php?rest_route=\/wp\/v2\/posts"}],"about":[{"href":"https:\/\/blog.slow-mo.de\/index.php?rest_route=\/wp\/v2\/types\/post"}],"author":[{"embeddable":true,"href":"https:\/\/blog.slow-mo.de\/index.php?rest_route=\/wp\/v2\/users\/1"}],"replies":[{"embeddable":true,"href":"https:\/\/blog.slow-mo.de\/index.php?rest_route=%2Fwp%2Fv2%2Fcomments&post=1121"}],"version-history":[{"count":3,"href":"https:\/\/blog.slow-mo.de\/index.php?rest_route=\/wp\/v2\/posts\/1121\/revisions"}],"predecessor-version":[{"id":1135,"href":"https:\/\/blog.slow-mo.de\/index.php?rest_route=\/wp\/v2\/posts\/1121\/revisions\/1135"}],"wp:attachment":[{"href":"https:\/\/blog.slow-mo.de\/index.php?rest_route=%2Fwp%2Fv2%2Fmedia&parent=1121"}],"wp:term":[{"taxonomy":"category","embeddable":true,"href":"https:\/\/blog.slow-mo.de\/index.php?rest_route=%2Fwp%2Fv2%2Fcategories&post=1121"},{"taxonomy":"post_tag","embeddable":true,"href":"https:\/\/blog.slow-mo.de\/index.php?rest_route=%2Fwp%2Fv2%2Ftags&post=1121"}],"curies":[{"name":"wp","href":"https:\/\/api.w.org\/{rel}","templated":true}]}}