{"id":1105,"date":"2017-08-24T07:46:52","date_gmt":"2017-08-24T07:46:52","guid":{"rendered":"http:\/\/blog.slow-mo.de\/?p=1105"},"modified":"2017-10-10T07:04:08","modified_gmt":"2017-10-10T07:04:08","slug":"erntedankblot-am-12-08-2017","status":"publish","type":"post","link":"https:\/\/blog.slow-mo.de\/?p=1105","title":{"rendered":"Erntedankbl\u00f3t am 12.08.2017"},"content":{"rendered":"<p>Am 12.8 traf sich\u00a0 unser Herd zu einem kleinen Erntedankbl\u00f3t. Anfang August feierten unsere Altvorderen dieses Fest, wenn die ersten Ernten eingefahren sind, auch \u201eLammas\u201c\u00a0 oder \u201eLughnasad\u201c genannt.<\/p>\n<p>Zum Gl\u00fcck lie\u00df der Regen, der\u00a0 uns in diesem Sommer ein stetiger und oft auch unliebsamer Begleiter war, beim\u00a0 Eintreffen auf dem Grundst\u00fcck nach und \u00a0h\u00f6rte dann schlie\u00dflich ganz auf.<\/p>\n<div id=\"attachment_1111\" style=\"width: 179px\" class=\"wp-caption aligncenter\"><a href=\"http:\/\/blog.slow-mo.de\/wp-content\/uploads\/2017\/08\/Altar.jpg\"><img aria-describedby=\"caption-attachment-1111\" loading=\"lazy\" class=\"size-medium wp-image-1111\" src=\"http:\/\/blog.slow-mo.de\/wp-content\/uploads\/2017\/08\/Altar-169x300.jpg\" alt=\"\" width=\"169\" height=\"300\" srcset=\"https:\/\/blog.slow-mo.de\/wp-content\/uploads\/2017\/08\/Altar-169x300.jpg 169w, https:\/\/blog.slow-mo.de\/wp-content\/uploads\/2017\/08\/Altar-576x1024.jpg 576w, https:\/\/blog.slow-mo.de\/wp-content\/uploads\/2017\/08\/Altar.jpg 598w\" sizes=\"(max-width: 169px) 100vw, 169px\" \/><\/a><p id=\"caption-attachment-1111\" class=\"wp-caption-text\">Altar<\/p><\/div>\n<div id=\"attachment_1110\" style=\"width: 179px\" class=\"wp-caption aligncenter\"><a href=\"http:\/\/blog.slow-mo.de\/wp-content\/uploads\/2017\/08\/Met_Hammer.jpg\"><img aria-describedby=\"caption-attachment-1110\" loading=\"lazy\" class=\"size-medium wp-image-1110\" src=\"http:\/\/blog.slow-mo.de\/wp-content\/uploads\/2017\/08\/Met_Hammer-169x300.jpg\" alt=\"\" width=\"169\" height=\"300\" srcset=\"https:\/\/blog.slow-mo.de\/wp-content\/uploads\/2017\/08\/Met_Hammer-169x300.jpg 169w, https:\/\/blog.slow-mo.de\/wp-content\/uploads\/2017\/08\/Met_Hammer-576x1024.jpg 576w, https:\/\/blog.slow-mo.de\/wp-content\/uploads\/2017\/08\/Met_Hammer.jpg 598w\" sizes=\"(max-width: 169px) 100vw, 169px\" \/><\/a><p id=\"caption-attachment-1110\" class=\"wp-caption-text\">Met und Hammer<\/p><\/div>\n<div id=\"attachment_1107\" style=\"width: 179px\" class=\"wp-caption aligncenter\"><a href=\"http:\/\/blog.slow-mo.de\/wp-content\/uploads\/2017\/08\/Altar_Detail.jpg\"><img aria-describedby=\"caption-attachment-1107\" loading=\"lazy\" class=\"size-medium wp-image-1107\" src=\"http:\/\/blog.slow-mo.de\/wp-content\/uploads\/2017\/08\/Altar_Detail-169x300.jpg\" alt=\"\" width=\"169\" height=\"300\" srcset=\"https:\/\/blog.slow-mo.de\/wp-content\/uploads\/2017\/08\/Altar_Detail-169x300.jpg 169w, https:\/\/blog.slow-mo.de\/wp-content\/uploads\/2017\/08\/Altar_Detail-576x1024.jpg 576w, https:\/\/blog.slow-mo.de\/wp-content\/uploads\/2017\/08\/Altar_Detail.jpg 598w\" sizes=\"(max-width: 169px) 100vw, 169px\" \/><\/a><p id=\"caption-attachment-1107\" class=\"wp-caption-text\">Altar Details<\/p><\/div>\n<p>Wir lie\u00dfen das Horn kreisen zu Ehren der G\u00f6tter, Ahnen und f\u00fcr unsere pers\u00f6nlichen Belange. Freya und Sif wurden angerufen, um Dank f\u00fcr die F\u00fclle und Ernte auszusprechen. Denn eins sollten wir uns immer wieder vor Augen halten. Auch wenn wir oft \u00fcber diesen und jenen \u00c4rger im Alltag schimpfen und wir uns \u00fcber gro\u00dfe und kleine Unzul\u00e4nglichkeiten \u00e4rgern. Wir haben ein Dach \u00fcber den Kopf, m\u00fcssen weder hungern, noch frieren und allein das macht uns zu Privilegierten.<\/p>\n<div id=\"attachment_1106\" style=\"width: 179px\" class=\"wp-caption aligncenter\"><a href=\"http:\/\/blog.slow-mo.de\/wp-content\/uploads\/2017\/08\/kleines-Feuer.jpg\"><img aria-describedby=\"caption-attachment-1106\" loading=\"lazy\" class=\"size-medium wp-image-1106\" src=\"http:\/\/blog.slow-mo.de\/wp-content\/uploads\/2017\/08\/kleines-Feuer-169x300.jpg\" alt=\"\" width=\"169\" height=\"300\" srcset=\"https:\/\/blog.slow-mo.de\/wp-content\/uploads\/2017\/08\/kleines-Feuer-169x300.jpg 169w, https:\/\/blog.slow-mo.de\/wp-content\/uploads\/2017\/08\/kleines-Feuer-576x1024.jpg 576w, https:\/\/blog.slow-mo.de\/wp-content\/uploads\/2017\/08\/kleines-Feuer.jpg 598w\" sizes=\"(max-width: 169px) 100vw, 169px\" \/><\/a><p id=\"caption-attachment-1106\" class=\"wp-caption-text\">das kleine Feuer f\u00fcr die Opfergaben<\/p><\/div>\n<p>Was ist das mit diesem vielen Regen in den letzten Wochen? Zum einen bringt der Regen die Fruchtbarkeit \u00fcber die Natur, zum Anderen aber auch verheerende \u00dcberschwemmungen. Die Natur gibt und nimmt. M\u00f6glicherweise bedurfte es jetzt eines gro\u00dfen Reinigungsprozessen. Aus irgendeinem Grund m\u00f6chte die Natur etwas im gro\u00dfen Stil \u201ereinwaschen\u201c Aber auch wenn Keller vollliefen und Stra\u00dfen unpassierbar waren, manch eine Wohnst\u00e4tte unbewohnbar wurde\u2026das alles ist f\u00fcr die betroffenen wirklich schlimm\u2026<\/p>\n<p>\u2026und trotzdem, verglichen mit Erdbeben, gro\u00dfen Waldbr\u00e4nden und Vulkanausbr\u00fcchen sind wir noch glimpflich davon gekommen.<\/p>\n<p>Sollten wir nicht einmal innehalten und \u00fcberlegen, warum die Erde sich so dringend reinwaschen wollte, von welchem Schmutz sie sich befreien wollte? Nichts passiert ohne Grund\u2026!<\/p>\n<div id=\"attachment_1109\" style=\"width: 310px\" class=\"wp-caption aligncenter\"><a href=\"http:\/\/blog.slow-mo.de\/wp-content\/uploads\/2017\/08\/Eingehegt.jpg\"><img aria-describedby=\"caption-attachment-1109\" loading=\"lazy\" class=\"size-medium wp-image-1109\" src=\"http:\/\/blog.slow-mo.de\/wp-content\/uploads\/2017\/08\/Eingehegt-300x169.jpg\" alt=\"\" width=\"300\" height=\"169\" srcset=\"https:\/\/blog.slow-mo.de\/wp-content\/uploads\/2017\/08\/Eingehegt-300x169.jpg 300w, https:\/\/blog.slow-mo.de\/wp-content\/uploads\/2017\/08\/Eingehegt-768x432.jpg 768w, https:\/\/blog.slow-mo.de\/wp-content\/uploads\/2017\/08\/Eingehegt-1024x576.jpg 1024w, https:\/\/blog.slow-mo.de\/wp-content\/uploads\/2017\/08\/Eingehegt.jpg 1063w\" sizes=\"(max-width: 300px) 100vw, 300px\" \/><\/a><p id=\"caption-attachment-1109\" class=\"wp-caption-text\">Eingehegt mit Schnur und Mais<\/p><\/div>\n<div id=\"attachment_1108\" style=\"width: 179px\" class=\"wp-caption aligncenter\"><a href=\"http:\/\/blog.slow-mo.de\/wp-content\/uploads\/2017\/08\/Iduns_Aepfel.jpg\"><img aria-describedby=\"caption-attachment-1108\" loading=\"lazy\" class=\"size-medium wp-image-1108\" src=\"http:\/\/blog.slow-mo.de\/wp-content\/uploads\/2017\/08\/Iduns_Aepfel-169x300.jpg\" alt=\"\" width=\"169\" height=\"300\" srcset=\"https:\/\/blog.slow-mo.de\/wp-content\/uploads\/2017\/08\/Iduns_Aepfel-169x300.jpg 169w, https:\/\/blog.slow-mo.de\/wp-content\/uploads\/2017\/08\/Iduns_Aepfel-576x1024.jpg 576w, https:\/\/blog.slow-mo.de\/wp-content\/uploads\/2017\/08\/Iduns_Aepfel.jpg 598w\" sizes=\"(max-width: 169px) 100vw, 169px\" \/><\/a><p id=\"caption-attachment-1108\" class=\"wp-caption-text\">Iduns \u00c4pfel?<\/p><\/div>\n<p>Normalerweise sind Erntefeste eher \u00fcppig und ausladend, wir haben diesmal ein schlichtes Ritual gehabt und auch \u201eeinfache\u201c Opfer wie Kartoffeln, Beeren und \u00c4pfel dargebracht. Es wurden diesmal keine gro\u00dfen Kr\u00e4nze gewunden. Oft ist es aber auch die Einfachheit, die sehr zufrieden macht und die kleinen Dinge. Es muss nicht immer vom feinsten und edelsten sein. Ein St\u00fcck Brot kann oft k\u00f6stlicher sein als ein 7 G\u00e4nge Men\u00fc- Es ist alles eine Frage des Bewusstseins. Und besonders die nat\u00fcrlichen Lebensmittel sind in der heutigen Zeit sehr wertvoll geworden Eine Kartoffel beispielsweise ist ein kleines Kraftwerk, verglichen mit der industriell hergestellten Kartoffelsuppe aus der Dose. Ist das vielleicht die Botschaft unserer Erde? \u201eIhr d\u00fcrft in F\u00fclle und Wohlstand leben! Aber tut es bewusst, dann werdet ihr sehen, dass ihr viel weniger braucht, als ihr glaubt zu brauchen!\u201c\u00a0 Diese Botschaft gilt sicher nicht nur f\u00fcr das Essen J<\/p>\n<p>In diesem Sinne\u2026.Freuen wir uns \u00fcber das, was wir haben!<\/p>\n<p>Von Drea<\/p>\n","protected":false},"excerpt":{"rendered":"<p>Am 12.8 traf sich\u00a0 unser Herd zu einem kleinen Erntedankbl\u00f3t. Anfang August feierten unsere Altvorderen dieses Fest, wenn die ersten Ernten eingefahren sind, auch \u201eLammas\u201c\u00a0 oder \u201eLughnasad\u201c genannt. Zum Gl\u00fcck lie\u00df der Regen, der\u00a0 uns in diesem Sommer ein stetiger &hellip; <a href=\"https:\/\/blog.slow-mo.de\/?p=1105\">Weiterlesen <span class=\"meta-nav\">&rarr;<\/span><\/a><\/p>\n","protected":false},"author":1,"featured_media":0,"comment_status":"closed","ping_status":"closed","sticky":false,"template":"","format":"standard","meta":[],"categories":[11],"tags":[],"_links":{"self":[{"href":"https:\/\/blog.slow-mo.de\/index.php?rest_route=\/wp\/v2\/posts\/1105"}],"collection":[{"href":"https:\/\/blog.slow-mo.de\/index.php?rest_route=\/wp\/v2\/posts"}],"about":[{"href":"https:\/\/blog.slow-mo.de\/index.php?rest_route=\/wp\/v2\/types\/post"}],"author":[{"embeddable":true,"href":"https:\/\/blog.slow-mo.de\/index.php?rest_route=\/wp\/v2\/users\/1"}],"replies":[{"embeddable":true,"href":"https:\/\/blog.slow-mo.de\/index.php?rest_route=%2Fwp%2Fv2%2Fcomments&post=1105"}],"version-history":[{"count":1,"href":"https:\/\/blog.slow-mo.de\/index.php?rest_route=\/wp\/v2\/posts\/1105\/revisions"}],"predecessor-version":[{"id":1112,"href":"https:\/\/blog.slow-mo.de\/index.php?rest_route=\/wp\/v2\/posts\/1105\/revisions\/1112"}],"wp:attachment":[{"href":"https:\/\/blog.slow-mo.de\/index.php?rest_route=%2Fwp%2Fv2%2Fmedia&parent=1105"}],"wp:term":[{"taxonomy":"category","embeddable":true,"href":"https:\/\/blog.slow-mo.de\/index.php?rest_route=%2Fwp%2Fv2%2Fcategories&post=1105"},{"taxonomy":"post_tag","embeddable":true,"href":"https:\/\/blog.slow-mo.de\/index.php?rest_route=%2Fwp%2Fv2%2Ftags&post=1105"}],"curies":[{"name":"wp","href":"https:\/\/api.w.org\/{rel}","templated":true}]}}