{"id":1084,"date":"2017-06-26T11:58:05","date_gmt":"2017-06-26T11:58:05","guid":{"rendered":"http:\/\/blog.slow-mo.de\/?p=1084"},"modified":"2017-07-26T11:16:23","modified_gmt":"2017-07-26T11:16:23","slug":"mittsommerfeier-2017","status":"publish","type":"post","link":"https:\/\/blog.slow-mo.de\/?p=1084","title":{"rendered":"Mittsommerfeier 2017"},"content":{"rendered":"<p>Am Samstag, den 24. Juni trafen sich der Herd Aldsidu Honovere nebst zahlreichen G\u00e4sten auf dem Herdgrundst\u00fcck zur Sonnenwendfeier, auch genannt Midsommer oder Litha.<\/p>\n<p>Fast schon traditionell zum Sonnenh\u00f6chststand lie\u00df sich eben jene Sonne nicht blicken und schickte daf\u00fcr eine steife Brise als Vertretung. Aber zumindest waren wir von Regen und K\u00e4lte verschont und das ist doch schon mal was.<\/p>\n<p>Sommersonnenwende hei\u00dft, die Sonne hat Ihren h\u00f6chsten Punkt erreicht und obwohl jetzt erst der Sommer beginnt, so werden die Tage doch wieder k\u00fcrzer. Die Sommerblumen erbl\u00fchen jetzt erst zu voller Sch\u00f6nheit und das Korn auf den Feldern beginnt jetzt zu reifen.\u00a0 So ist auch f\u00fcr uns die Zeit, \u00a0das was wir zu Beginn des Jahres an Imbolc und Ostara ges\u00e4t haben, reifen zu sehen und uns auf die Ernte vorzubereiten.<\/p>\n<p>Ein Blick zur\u00fcck\u2026.<\/p>\n<p>Was haben wir ges\u00e4t\u2026was wollen wir ernten\u2026was sind unsere Ziele, was unsere W\u00fcnsche und Tr\u00e4ume? Zeit der Zwischenbilanz\u2026wo stehen wir jetzt? Noch sind alle Dinge im Werden, noch k\u00f6nnen wir ein paar Feineinstellungen vornehmen.<\/p>\n<p>Wir halten kurz inne und sortieren uns neu. Was ist \u00fcberfl\u00fcssig geworden? Was will jetzt angegangen werden, damit es eine m\u00f6glichst erfolgreiche Ernte wird.<\/p>\n<p>Dies ist die Zeit von der Bl\u00fcte zur Reife. Nutzen wir sie.<\/p>\n<p>Es ist die Zeit der Sonnenkraft, der Fruchtbarkeit, des strahlenden Gottes Baldur und der wundersch\u00f6nen, ebenso strahlenden G\u00f6ttin Freya.<\/p>\n<p>Doch die Natur wei\u00df, auch wenn die \u201esch\u00f6nste Zeit des Jahres\u201c erst beginnt und uns mit den Assoziationen Sommer, Sonne, Ferien, Strand und Meer und so manchen Kindheitserinnerungen aus unbeschwerten Tagen begleitet, so nimmt das Licht langsam wieder ab\u2026<\/p>\n<p>\u2026und das muss es auch, denn sonst w\u00fcrde alles verbrennen\u2026<\/p>\n<div id=\"attachment_1090\" style=\"width: 310px\" class=\"wp-caption aligncenter\"><a href=\"http:\/\/blog.slow-mo.de\/wp-content\/uploads\/2017\/06\/Altar.jpg\"><img aria-describedby=\"caption-attachment-1090\" loading=\"lazy\" class=\"size-medium wp-image-1090\" src=\"http:\/\/blog.slow-mo.de\/wp-content\/uploads\/2017\/06\/Altar-300x291.jpg\" alt=\"\" width=\"300\" height=\"291\" srcset=\"https:\/\/blog.slow-mo.de\/wp-content\/uploads\/2017\/06\/Altar-300x291.jpg 300w, https:\/\/blog.slow-mo.de\/wp-content\/uploads\/2017\/06\/Altar.jpg 616w\" sizes=\"(max-width: 300px) 100vw, 300px\" \/><\/a><p id=\"caption-attachment-1090\" class=\"wp-caption-text\">Unser Sommeraltar<\/p><\/div>\n<div id=\"attachment_1089\" style=\"width: 297px\" class=\"wp-caption aligncenter\"><a href=\"http:\/\/blog.slow-mo.de\/wp-content\/uploads\/2017\/06\/Altar3.jpg\"><img aria-describedby=\"caption-attachment-1089\" loading=\"lazy\" class=\"size-medium wp-image-1089\" src=\"http:\/\/blog.slow-mo.de\/wp-content\/uploads\/2017\/06\/Altar3-287x300.jpg\" alt=\"\" width=\"287\" height=\"300\" srcset=\"https:\/\/blog.slow-mo.de\/wp-content\/uploads\/2017\/06\/Altar3-287x300.jpg 287w, https:\/\/blog.slow-mo.de\/wp-content\/uploads\/2017\/06\/Altar3.jpg 718w\" sizes=\"(max-width: 287px) 100vw, 287px\" \/><\/a><p id=\"caption-attachment-1089\" class=\"wp-caption-text\">Fafnir bewacht den Altar<\/p><\/div>\n<p>Nach einem sch\u00f6nen,\u00a0 intensiven Ritual mit langen Sumbelrunden, Gedichten und einem wunderbaren Gemeinschaftsgef\u00fchl gab es den traditionellen \u201eFeuersprung\u201c\u00a0 Mit Jubel und Geklatsche, untermalt von dem fr\u00f6hlichen Gesang eines Buchfinks im Baum \u00fcber uns.<\/p>\n<p><a href=\"http:\/\/blog.slow-mo.de\/wp-content\/uploads\/2017\/06\/Gemeinschaft.jpg\"><img loading=\"lazy\" class=\"aligncenter size-medium wp-image-1088\" src=\"http:\/\/blog.slow-mo.de\/wp-content\/uploads\/2017\/06\/Gemeinschaft-300x225.jpg\" alt=\"\" width=\"300\" height=\"225\" srcset=\"https:\/\/blog.slow-mo.de\/wp-content\/uploads\/2017\/06\/Gemeinschaft-300x225.jpg 300w, https:\/\/blog.slow-mo.de\/wp-content\/uploads\/2017\/06\/Gemeinschaft.jpg 640w\" sizes=\"(max-width: 300px) 100vw, 300px\" \/><\/a><\/p>\n<div id=\"attachment_1087\" style=\"width: 280px\" class=\"wp-caption aligncenter\"><a href=\"http:\/\/blog.slow-mo.de\/wp-content\/uploads\/2017\/06\/Wachhund.jpg\"><img aria-describedby=\"caption-attachment-1087\" loading=\"lazy\" class=\"size-medium wp-image-1087\" src=\"http:\/\/blog.slow-mo.de\/wp-content\/uploads\/2017\/06\/Wachhund-270x300.jpg\" alt=\"\" width=\"270\" height=\"300\" srcset=\"https:\/\/blog.slow-mo.de\/wp-content\/uploads\/2017\/06\/Wachhund-270x300.jpg 270w, https:\/\/blog.slow-mo.de\/wp-content\/uploads\/2017\/06\/Wachhund.jpg 719w\" sizes=\"(max-width: 270px) 100vw, 270px\" \/><\/a><p id=\"caption-attachment-1087\" class=\"wp-caption-text\">unser Wachhund \ud83d\ude42<\/p><\/div>\n<div id=\"attachment_1086\" style=\"width: 260px\" class=\"wp-caption aligncenter\"><a href=\"http:\/\/blog.slow-mo.de\/wp-content\/uploads\/2017\/06\/Essen_Feier.jpg\"><img aria-describedby=\"caption-attachment-1086\" loading=\"lazy\" class=\"size-medium wp-image-1086\" src=\"http:\/\/blog.slow-mo.de\/wp-content\/uploads\/2017\/06\/Essen_Feier-250x300.jpg\" alt=\"\" width=\"250\" height=\"300\" srcset=\"https:\/\/blog.slow-mo.de\/wp-content\/uploads\/2017\/06\/Essen_Feier-250x300.jpg 250w, https:\/\/blog.slow-mo.de\/wp-content\/uploads\/2017\/06\/Essen_Feier.jpg 744w\" sizes=\"(max-width: 250px) 100vw, 250px\" \/><\/a><p id=\"caption-attachment-1086\" class=\"wp-caption-text\">K\u00f6stlichkeiten vom Grill<\/p><\/div>\n<p>Das anschlie\u00dfende, gem\u00fctliche Beisammensein bei allerlei (wie immer zu vielen) K\u00f6stlichkeiten war sehr beschwingt und fr\u00f6hlich. Und hier noch einmal Dank an unsere G\u00e4ste, die den Anfahrtsweg nicht scheuten und sich trotz anderer Verpflichtungen ein paar Stunden Zeit nahmen, um zum Gelingen dieses hoch energetischen Bl\u00f3ts beizutragen. Hoffentlich hattet Ihr eine sch\u00f6ne, entspannte Heimreise J<\/p>\n<p>Von Drea<\/p>\n<p>PS: Zitat des Tages: \u201eDa kam was von oben geflogen\u201c<\/p>\n<p>In diesem Sinne: Habt einen wundersch\u00f6nen Sommer mit vielen H\u00f6henfl\u00fcgen!!!<\/p>\n","protected":false},"excerpt":{"rendered":"<p>Am Samstag, den 24. Juni trafen sich der Herd Aldsidu Honovere nebst zahlreichen G\u00e4sten auf dem Herdgrundst\u00fcck zur Sonnenwendfeier, auch genannt Midsommer oder Litha. Fast schon traditionell zum Sonnenh\u00f6chststand lie\u00df sich eben jene Sonne nicht blicken und schickte daf\u00fcr eine &hellip; <a href=\"https:\/\/blog.slow-mo.de\/?p=1084\">Weiterlesen <span class=\"meta-nav\">&rarr;<\/span><\/a><\/p>\n","protected":false},"author":1,"featured_media":0,"comment_status":"closed","ping_status":"closed","sticky":false,"template":"","format":"standard","meta":[],"categories":[11],"tags":[],"_links":{"self":[{"href":"https:\/\/blog.slow-mo.de\/index.php?rest_route=\/wp\/v2\/posts\/1084"}],"collection":[{"href":"https:\/\/blog.slow-mo.de\/index.php?rest_route=\/wp\/v2\/posts"}],"about":[{"href":"https:\/\/blog.slow-mo.de\/index.php?rest_route=\/wp\/v2\/types\/post"}],"author":[{"embeddable":true,"href":"https:\/\/blog.slow-mo.de\/index.php?rest_route=\/wp\/v2\/users\/1"}],"replies":[{"embeddable":true,"href":"https:\/\/blog.slow-mo.de\/index.php?rest_route=%2Fwp%2Fv2%2Fcomments&post=1084"}],"version-history":[{"count":2,"href":"https:\/\/blog.slow-mo.de\/index.php?rest_route=\/wp\/v2\/posts\/1084\/revisions"}],"predecessor-version":[{"id":1091,"href":"https:\/\/blog.slow-mo.de\/index.php?rest_route=\/wp\/v2\/posts\/1084\/revisions\/1091"}],"wp:attachment":[{"href":"https:\/\/blog.slow-mo.de\/index.php?rest_route=%2Fwp%2Fv2%2Fmedia&parent=1084"}],"wp:term":[{"taxonomy":"category","embeddable":true,"href":"https:\/\/blog.slow-mo.de\/index.php?rest_route=%2Fwp%2Fv2%2Fcategories&post=1084"},{"taxonomy":"post_tag","embeddable":true,"href":"https:\/\/blog.slow-mo.de\/index.php?rest_route=%2Fwp%2Fv2%2Ftags&post=1084"}],"curies":[{"name":"wp","href":"https:\/\/api.w.org\/{rel}","templated":true}]}}