{"id":1064,"date":"2017-04-18T12:46:28","date_gmt":"2017-04-18T12:46:28","guid":{"rendered":"http:\/\/blog.slow-mo.de\/?p=1064"},"modified":"2017-06-26T11:47:39","modified_gmt":"2017-06-26T11:47:39","slug":"fruehlingsritual-2017","status":"publish","type":"post","link":"https:\/\/blog.slow-mo.de\/?p=1064","title":{"rendered":"Fr\u00fchlingsritual 2017"},"content":{"rendered":"<p>Am 14.4.2017 traf sich der Herd Aldsidu Honovere auf dem Herdgrundst\u00fcck zu dem allj\u00e4hrlichen Aufr\u00e4umungsarbeiten und anschlie\u00dfendem Fr\u00fchjahrsbl\u00f3t.<\/p>\n<p>Es ist eigentlich schon fast \u00fcberfl\u00fcssig zu erw\u00e4hnen, denn es ist fast immer so:<\/p>\n<p>Trotz schlechter Wetterprognose hatten wir eine Menge Sonne und auch als die Wolken immer dicker und grauer wurden blieb es trocken. Die k\u00fchle Luft st\u00f6rte uns wenig, denn beim Beseitigen der Sturm\u201csch\u00e4den\u201c des vergangenen Winters, sprich das Schleppen von kleinen Reisigb\u00fcndeln bis hin zu dicken Riesen\u00e4sten, fast schon B\u00e4ume, wurde uns m\u00e4chtg warm.<\/p>\n<p>Alles was dort herumlag, wurde verwertet, um den Sichtschutz am Ritualplatz auszubessern und auszubauen. Mit dem vorhandenen nat\u00fcrlichen Baumaterialien geht das ganz hervorragend.<\/p>\n<p>Nach knapp vier Stunden Arbeit begaben wir uns zum Ritualplatz und hielten ein Bl\u00f3t ab mit dem Thema \u201eDie Tiere Asgards\u201c, denn auch die verdienen es, einmal ausgiebig erw\u00e4hnt und gew\u00fcrdigt zu werden. Die W\u00f6lfe und Raben Odins, sowie Freyas Katzen, der Eber Gullinborsti und nat\u00fcrlich das m\u00e4chtige achtbeinige Pferd Sleipnir d\u00fcrfte wohl den meisten bekannt sein, doch auch die etwas weniger bekannten fanden Beachtung, als da w\u00e4ren die Hirsche in der Weltenesche Yggdrasil. Ebenso die dort ans\u00e4ssigen Schlangen, das Eichh\u00f6rnchen Rattat\u00f6skr, der Drache am Fu\u00dfe der Esche, der Adler in der Baumkrone und der Habicht zwischen seinen Augen.<\/p>\n<p><a href=\"http:\/\/blog.slow-mo.de\/wp-content\/uploads\/2017\/04\/Altar.jpg\"><img loading=\"lazy\" class=\"aligncenter size-medium wp-image-1066\" src=\"http:\/\/blog.slow-mo.de\/wp-content\/uploads\/2017\/04\/Altar-169x300.jpg\" alt=\"\" width=\"169\" height=\"300\" srcset=\"https:\/\/blog.slow-mo.de\/wp-content\/uploads\/2017\/04\/Altar-169x300.jpg 169w, https:\/\/blog.slow-mo.de\/wp-content\/uploads\/2017\/04\/Altar-576x1024.jpg 576w, https:\/\/blog.slow-mo.de\/wp-content\/uploads\/2017\/04\/Altar.jpg 720w\" sizes=\"(max-width: 169px) 100vw, 169px\" \/><\/a><\/p>\n<p>Den Tieren wohnt eine tiefe Symbolik inne. Der Habicht beispielsweise symbolisiert das 3. Auge zwischen den beiden physischen Augen. Die Raben Hugin und Munin, \u201eGedanke\u201c und \u201eErinnerung\u201c sagen uns, dass wir uns unserer Erinnerung niemals berauben lassen d\u00fcrfen. Denn die Dinge, die heute geschehen, verstehen wir oft heute nicht, wohl aber morgen oder \u00fcbermorgen.<\/p>\n<p>Der flinke, immer zwischen Wurzel und Krone hin- und her flitzende Rattat\u00f6skr ist ein Symbol f\u00fcr den Austausch der unbewussten, \u201edunklen\u201c Seite in uns und der bewussten \u201elichtvollen\u201c Seite. Wir k\u00f6nnen nur ganz sein, wenn beide Seiten im Gleichgewicht sind.<\/p>\n<p>Es sorgen die Hirsche, die an den Bl\u00e4ttern, Trieben und Fr\u00fcchten des Baumes nagen, ebenso wie es der Drache Nidh\u00f6ggr an den Wurzeln tut daf\u00fcr, dass der Baum sich nicht zu weit und unkontrolliert ausbreitet und sich die neun Welten nicht zu weit voneinander entfernen. So ist das Gleichgewicht und der Austausch gew\u00e4hrleistet.<\/p>\n<p>Sleipnir m\u00f6chte uns folgende Botschaft vermitteln:<\/p>\n<p>\u201eOdin ist zur\u00fcck gekehrt\u201c. Das soll hei\u00dfen: Die Weisheit ist wiedergekehrt. Immer mehr Menschen erwachen und tragen die Weisheit, das alte Wissen, in die Welt und tragen so zu ihrer Heilung bei!<\/p>\n<p><a href=\"http:\/\/blog.slow-mo.de\/wp-content\/uploads\/2017\/04\/Detail_Altar.jpg\"><img loading=\"lazy\" class=\"aligncenter size-medium wp-image-1067\" src=\"http:\/\/blog.slow-mo.de\/wp-content\/uploads\/2017\/04\/Detail_Altar-300x220.jpg\" alt=\"\" width=\"300\" height=\"220\" srcset=\"https:\/\/blog.slow-mo.de\/wp-content\/uploads\/2017\/04\/Detail_Altar-300x220.jpg 300w, https:\/\/blog.slow-mo.de\/wp-content\/uploads\/2017\/04\/Detail_Altar-768x564.jpg 768w, https:\/\/blog.slow-mo.de\/wp-content\/uploads\/2017\/04\/Detail_Altar.jpg 789w\" sizes=\"(max-width: 300px) 100vw, 300px\" \/><\/a><\/p>\n<p>Nun waren wir nach Stunden auf den Beinen doch leicht ersch\u00f6pft und g\u00f6nnten uns nach dem Bl\u00f3t ein gem\u00fctliches Picknick mit leckerem Grillgut, selbstgemachtem Met und allerlei weiteren K\u00f6stlichkeiten in geselliger Runde.<\/p>\n<div id=\"attachment_1070\" style=\"width: 310px\" class=\"wp-caption aligncenter\"><a href=\"http:\/\/blog.slow-mo.de\/wp-content\/uploads\/2017\/04\/Tisch.jpg\"><img aria-describedby=\"caption-attachment-1070\" loading=\"lazy\" class=\"size-medium wp-image-1070\" src=\"http:\/\/blog.slow-mo.de\/wp-content\/uploads\/2017\/04\/Tisch-300x199.jpg\" alt=\"\" width=\"300\" height=\"199\" srcset=\"https:\/\/blog.slow-mo.de\/wp-content\/uploads\/2017\/04\/Tisch-300x199.jpg 300w, https:\/\/blog.slow-mo.de\/wp-content\/uploads\/2017\/04\/Tisch.jpg 737w\" sizes=\"(max-width: 300px) 100vw, 300px\" \/><\/a><p id=\"caption-attachment-1070\" class=\"wp-caption-text\">bunt gedeckter Tisch<\/p><\/div>\n<div id=\"attachment_1068\" style=\"width: 310px\" class=\"wp-caption aligncenter\"><a href=\"http:\/\/blog.slow-mo.de\/wp-content\/uploads\/2017\/04\/Grillgut.jpg\"><img aria-describedby=\"caption-attachment-1068\" loading=\"lazy\" class=\"size-medium wp-image-1068\" src=\"http:\/\/blog.slow-mo.de\/wp-content\/uploads\/2017\/04\/Grillgut-300x198.jpg\" alt=\"\" width=\"300\" height=\"198\" srcset=\"https:\/\/blog.slow-mo.de\/wp-content\/uploads\/2017\/04\/Grillgut-300x198.jpg 300w, https:\/\/blog.slow-mo.de\/wp-content\/uploads\/2017\/04\/Grillgut-768x508.jpg 768w, https:\/\/blog.slow-mo.de\/wp-content\/uploads\/2017\/04\/Grillgut-1024x677.jpg 1024w, https:\/\/blog.slow-mo.de\/wp-content\/uploads\/2017\/04\/Grillgut.jpg 1228w\" sizes=\"(max-width: 300px) 100vw, 300px\" \/><\/a><p id=\"caption-attachment-1068\" class=\"wp-caption-text\">Grillen nach getaner Arbeit&#8230; lecker!<\/p><\/div>\n<p>Freuen wir uns nun auf den Beginn des Sommers<\/p>\n<p>von Drea<\/p>\n<div id=\"attachment_1072\" style=\"width: 310px\" class=\"wp-caption aligncenter\"><a href=\"http:\/\/blog.slow-mo.de\/wp-content\/uploads\/2017\/04\/Sonne.jpg\"><img aria-describedby=\"caption-attachment-1072\" loading=\"lazy\" class=\"size-medium wp-image-1072\" src=\"http:\/\/blog.slow-mo.de\/wp-content\/uploads\/2017\/04\/Sonne-300x213.jpg\" alt=\"\" width=\"300\" height=\"213\" srcset=\"https:\/\/blog.slow-mo.de\/wp-content\/uploads\/2017\/04\/Sonne-300x213.jpg 300w, https:\/\/blog.slow-mo.de\/wp-content\/uploads\/2017\/04\/Sonne-768x545.jpg 768w, https:\/\/blog.slow-mo.de\/wp-content\/uploads\/2017\/04\/Sonne.jpg 919w\" sizes=\"(max-width: 300px) 100vw, 300px\" \/><\/a><p id=\"caption-attachment-1072\" class=\"wp-caption-text\">Mittagssonne<\/p><\/div>\n<p>&nbsp;<\/p>\n<p><span style=\"color: #993366;\">P.S.: Wir verlie\u00dfen den Platz nicht ohne eine neue Erkenntnis (Achtung, nicht ganz ernst nehmen):<\/span><\/p>\n<p><span style=\"color: #993366;\">&#8222;Wenn es schneller ist als ein Baum, dann ist es ein Vogel!&#8220;<\/span><\/p>\n","protected":false},"excerpt":{"rendered":"<p>Am 14.4.2017 traf sich der Herd Aldsidu Honovere auf dem Herdgrundst\u00fcck zu dem allj\u00e4hrlichen Aufr\u00e4umungsarbeiten und anschlie\u00dfendem Fr\u00fchjahrsbl\u00f3t. Es ist eigentlich schon fast \u00fcberfl\u00fcssig zu erw\u00e4hnen, denn es ist fast immer so: Trotz schlechter Wetterprognose hatten wir eine Menge Sonne &hellip; <a href=\"https:\/\/blog.slow-mo.de\/?p=1064\">Weiterlesen <span class=\"meta-nav\">&rarr;<\/span><\/a><\/p>\n","protected":false},"author":1,"featured_media":0,"comment_status":"closed","ping_status":"closed","sticky":false,"template":"","format":"standard","meta":[],"categories":[11],"tags":[],"_links":{"self":[{"href":"https:\/\/blog.slow-mo.de\/index.php?rest_route=\/wp\/v2\/posts\/1064"}],"collection":[{"href":"https:\/\/blog.slow-mo.de\/index.php?rest_route=\/wp\/v2\/posts"}],"about":[{"href":"https:\/\/blog.slow-mo.de\/index.php?rest_route=\/wp\/v2\/types\/post"}],"author":[{"embeddable":true,"href":"https:\/\/blog.slow-mo.de\/index.php?rest_route=\/wp\/v2\/users\/1"}],"replies":[{"embeddable":true,"href":"https:\/\/blog.slow-mo.de\/index.php?rest_route=%2Fwp%2Fv2%2Fcomments&post=1064"}],"version-history":[{"count":7,"href":"https:\/\/blog.slow-mo.de\/index.php?rest_route=\/wp\/v2\/posts\/1064\/revisions"}],"predecessor-version":[{"id":1082,"href":"https:\/\/blog.slow-mo.de\/index.php?rest_route=\/wp\/v2\/posts\/1064\/revisions\/1082"}],"wp:attachment":[{"href":"https:\/\/blog.slow-mo.de\/index.php?rest_route=%2Fwp%2Fv2%2Fmedia&parent=1064"}],"wp:term":[{"taxonomy":"category","embeddable":true,"href":"https:\/\/blog.slow-mo.de\/index.php?rest_route=%2Fwp%2Fv2%2Fcategories&post=1064"},{"taxonomy":"post_tag","embeddable":true,"href":"https:\/\/blog.slow-mo.de\/index.php?rest_route=%2Fwp%2Fv2%2Ftags&post=1064"}],"curies":[{"name":"wp","href":"https:\/\/api.w.org\/{rel}","templated":true}]}}